{"id":59049,"date":"2018-07-29T13:58:57","date_gmt":"2018-07-29T16:58:57","guid":{"rendered":"http:\/\/caririemacao.com\/1\/?p=59049"},"modified":"2018-07-29T13:58:57","modified_gmt":"2018-07-29T16:58:57","slug":"mae-e-filho-sao-baleados-em-casa-e-pm-prende-tio-e-sobrinho-suspeitos-do-crime","status":"publish","type":"post","link":"https:\/\/www.caririemacao.com\/1\/2018\/07\/29\/mae-e-filho-sao-baleados-em-casa-e-pm-prende-tio-e-sobrinho-suspeitos-do-crime\/","title":{"rendered":"M\u00e3e e filho s\u00e3o baleados em casa e PM prende tio e sobrinho suspeitos do crime"},"content":{"rendered":"<p>M\u00e3e e filho foram atingidos por tiros em uma tentativa de homic\u00eddio registrada no bairro de Mangabeira, em Jo\u00e3o Pessoa. O crime aconteceu na manh\u00e3 deste domingo (29) enquanto a fam\u00edlia estava em casa. O pr\u00f3prio jovem de 20 anos baleado disse que os disparos podem ter sido motivados por uma inimizade entre eles e pessoas da regi\u00e3o.<\/p>\n<p>A mulher foi atingida no p\u00e9, de rasp\u00e3o, e o rapaz foi baleado nas n\u00e1degas, mas a bala saiu e n\u00e3o h\u00e1 gravidade.<\/p>\n<p>Dois homens foram detidos suspeitos de terem atirado contra a fam\u00edlia. S\u00e3o tio e sobrinho, sendo o \u00faltimo um menor de idade. Eles foram levados para a Central de Pol\u00edcia Civil, no Geisel, onde as v\u00edtimas tamb\u00e9m prestaram depoimento<\/p>\n","protected":false},"excerpt":{"rendered":"<p>M\u00e3e e filho foram atingidos por tiros em uma tentativa de homic\u00eddio registrada no bairro de Mangabeira, em Jo\u00e3o Pessoa. O crime aconteceu na manh\u00e3&hellip; <\/p>\n","protected":false},"author":2,"featured_media":50430,"comment_status":"closed","ping_status":"closed","sticky":false,"template":"","format":"standard","meta":{"sfsi_plus_gutenberg_text_before_share":"","sfsi_plus_gutenberg_show_text_before_share":"","sfsi_plus_gutenberg_icon_type":"","sfsi_plus_gutenberg_icon_alignemt":"","sfsi_plus_gutenburg_max_per_row":"","footnotes":""},"categories":[12],"tags":[],"class_list":["post-59049","post","type-post","status-publish","format-standard","has-post-thumbnail","hentry","category-policia"],"_links":{"self":[{"href":"https:\/\/www.caririemacao.com\/1\/wp-json\/wp\/v2\/posts\/59049","targetHints":{"allow":["GET"]}}],"collection":[{"href":"https:\/\/www.caririemacao.com\/1\/wp-json\/wp\/v2\/posts"}],"about":[{"href":"https:\/\/www.caririemacao.com\/1\/wp-json\/wp\/v2\/types\/post"}],"author":[{"embeddable":true,"href":"https:\/\/www.caririemacao.com\/1\/wp-json\/wp\/v2\/users\/2"}],"replies":[{"embeddable":true,"href":"https:\/\/www.caririemacao.com\/1\/wp-json\/wp\/v2\/comments?post=59049"}],"version-history":[{"count":1,"href":"https:\/\/www.caririemacao.com\/1\/wp-json\/wp\/v2\/posts\/59049\/revisions"}],"predecessor-version":[{"id":59050,"href":"https:\/\/www.caririemacao.com\/1\/wp-json\/wp\/v2\/posts\/59049\/revisions\/59050"}],"wp:featuredmedia":[{"embeddable":true,"href":"https:\/\/www.caririemacao.com\/1\/wp-json\/wp\/v2\/media\/50430"}],"wp:attachment":[{"href":"https:\/\/www.caririemacao.com\/1\/wp-json\/wp\/v2\/media?parent=59049"}],"wp:term":[{"taxonomy":"category","embeddable":true,"href":"https:\/\/www.caririemacao.com\/1\/wp-json\/wp\/v2\/categories?post=59049"},{"taxonomy":"post_tag","embeddable":true,"href":"https:\/\/www.caririemacao.com\/1\/wp-json\/wp\/v2\/tags?post=59049"}],"curies":[{"name":"wp","href":"https:\/\/api.w.org\/{rel}","templated":true}]}}