{"id":59051,"date":"2018-07-29T14:01:07","date_gmt":"2018-07-29T17:01:07","guid":{"rendered":"http:\/\/caririemacao.com\/1\/?p=59051"},"modified":"2018-07-29T14:02:36","modified_gmt":"2018-07-29T17:02:36","slug":"justica-federal-na-paraiba-inscreve-para-selecao-em-cinco-vagas-de-estagio-ate-esta-segunda-feira","status":"publish","type":"post","link":"https:\/\/www.caririemacao.com\/1\/2018\/07\/29\/justica-federal-na-paraiba-inscreve-para-selecao-em-cinco-vagas-de-estagio-ate-esta-segunda-feira\/","title":{"rendered":"Justi\u00e7a Federal na Para\u00edba inscreve para sele\u00e7\u00e3o em cinco vagas de est\u00e1gio at\u00e9 esta segunda-feira"},"content":{"rendered":"<p>A Justi\u00e7a Federal na Para\u00edba (JFPB) inscreve gratuitamente at\u00e9 esta segunda-feira (30) para a sele\u00e7\u00e3o de est\u00e1gio do \u00f3rg\u00e3o. S\u00e3o cinco vagas para estudantes do curso de Direito e a prova do processo seletivo acontece na quinta-feira (2).<\/p>\n<p>Os aprovados receber\u00e3o aux\u00edlio transporte di\u00e1rio de R$ 7 e ter\u00e3o seguro de acidentes pessoais. O est\u00e1gio ter\u00e1 dura\u00e7\u00e3o de 20 horas semanais e ser\u00e1 na Subse\u00e7\u00e3o Judici\u00e1ria de Sousa, durante um ano.<\/p>\n<p>Os interessados devem se inscrever, das 9h \u00e0s 18h, na Se\u00e7\u00e3o de Apoio Administrativo da Subse\u00e7\u00e3o Judici\u00e1ria de Sousa, na Rua Francisco Vieira da Costa, n.\u00ba 20, Maria Rachel, Sousa. O candidato dever\u00e1 preencher um requerimento, que estar\u00e1 \u00e0 disposi\u00e7\u00e3o no referido endere\u00e7o, e apresentar a documenta\u00e7\u00e3o exigida no edital.<\/p>\n<p>O processo seletivo compreender\u00e1: a classifica\u00e7\u00e3o dos candidatos at\u00e9 a 40\u00aa posi\u00e7\u00e3o, a partir da an\u00e1lise do Coeficiente de Rendimento Acad\u00eamico &#8211; CRA junto \u00e0 institui\u00e7\u00e3o de ensino; realiza\u00e7\u00e3o de prova escrita, no dia 02 de agosto, das 9h \u00e0s 12h, pelos aprovados na primeira etapa; entrevista pessoal, a ser realizada pelo magistrado federal da Subse\u00e7\u00e3o Judici\u00e1ria ou por comiss\u00e3o de servidores, no mesmo dia da prova escrita, no hor\u00e1rio das 14h \u00e0s 18h; c\u00e1lculo da m\u00e9dia das etapas do processo seletivo.<\/p>\n<p>O resultado preliminar ser\u00e1 divulgado at\u00e9 o dia 7 de agosto, na Se\u00e7\u00e3o de Apoio Administrativo da Subse\u00e7\u00e3o Judici\u00e1ria de Sousa e no Di\u00e1rio Eletr\u00f4nico da SJPB \u2013 \u00c1rea Administrativa. A homologa\u00e7\u00e3o do resultado definitivo ser\u00e1 no dia 10 de agosto. O prazo de validade do certame ser\u00e1 de dois anos.<\/p>\n<p><strong><a href=\"http:\/\/www.jfpb.jus.br\/arquivos\/editais\/editalestagiariosvoluntarios.pdf\" target=\"true\">Confira o edital do processo seletivo de est\u00e1gio na JFPB\u00a0<\/a><\/strong><\/p>\n<p>&nbsp;<\/p>\n<p>Leia mais not\u00edcias em\u00a0<a href=\"http:\/\/www.caririemacao.com\/\">caririemacao.com<\/a>, siga nossa p\u00e1gina no\u00a0<a href=\"https:\/\/www.facebook.com\/CaririEmAcao\/?ref=aymt_homepage_panel\">Facebook<\/a>,\u00a0<a href=\"https:\/\/www.instagram.com\/cariri_em_acao\/?hl=pt-br\">Instagram<\/a>\u00a0e\u00a0<a href=\"https:\/\/www.youtube.com\/channel\/UCAptA0jQuYQy8vMhLt2m4qg\">Youtube<\/a>\u00a0e veja nossas mat\u00e9rias, v\u00eddeos e fotos. Voc\u00ea tamb\u00e9m pode enviar informa\u00e7\u00f5es \u00e0 Reda\u00e7\u00e3o do Portal Cariri em A\u00e7\u00e3o pelo WhatsApp (83) 9 9634.5791, (83) 9 9601-1162.<\/p>\n","protected":false},"excerpt":{"rendered":"<p>A Justi\u00e7a Federal na Para\u00edba (JFPB) inscreve gratuitamente at\u00e9 esta segunda-feira (30) para a sele\u00e7\u00e3o de est\u00e1gio do \u00f3rg\u00e3o. S\u00e3o cinco vagas para estudantes do&hellip; <\/p>\n","protected":false},"author":2,"featured_media":27206,"comment_status":"closed","ping_status":"closed","sticky":false,"template":"","format":"standard","meta":{"sfsi_plus_gutenberg_text_before_share":"","sfsi_plus_gutenberg_show_text_before_share":"","sfsi_plus_gutenberg_icon_type":"","sfsi_plus_gutenberg_icon_alignemt":"","sfsi_plus_gutenburg_max_per_row":"","footnotes":""},"categories":[2],"tags":[],"class_list":["post-59051","post","type-post","status-publish","format-standard","has-post-thumbnail","hentry","category-geral"],"_links":{"self":[{"href":"https:\/\/www.caririemacao.com\/1\/wp-json\/wp\/v2\/posts\/59051","targetHints":{"allow":["GET"]}}],"collection":[{"href":"https:\/\/www.caririemacao.com\/1\/wp-json\/wp\/v2\/posts"}],"about":[{"href":"https:\/\/www.caririemacao.com\/1\/wp-json\/wp\/v2\/types\/post"}],"author":[{"embeddable":true,"href":"https:\/\/www.caririemacao.com\/1\/wp-json\/wp\/v2\/users\/2"}],"replies":[{"embeddable":true,"href":"https:\/\/www.caririemacao.com\/1\/wp-json\/wp\/v2\/comments?post=59051"}],"version-history":[{"count":2,"href":"https:\/\/www.caririemacao.com\/1\/wp-json\/wp\/v2\/posts\/59051\/revisions"}],"predecessor-version":[{"id":59053,"href":"https:\/\/www.caririemacao.com\/1\/wp-json\/wp\/v2\/posts\/59051\/revisions\/59053"}],"wp:featuredmedia":[{"embeddable":true,"href":"https:\/\/www.caririemacao.com\/1\/wp-json\/wp\/v2\/media\/27206"}],"wp:attachment":[{"href":"https:\/\/www.caririemacao.com\/1\/wp-json\/wp\/v2\/media?parent=59051"}],"wp:term":[{"taxonomy":"category","embeddable":true,"href":"https:\/\/www.caririemacao.com\/1\/wp-json\/wp\/v2\/categories?post=59051"},{"taxonomy":"post_tag","embeddable":true,"href":"https:\/\/www.caririemacao.com\/1\/wp-json\/wp\/v2\/tags?post=59051"}],"curies":[{"name":"wp","href":"https:\/\/api.w.org\/{rel}","templated":true}]}}