{"id":59057,"date":"2018-07-29T14:18:13","date_gmt":"2018-07-29T17:18:13","guid":{"rendered":"http:\/\/caririemacao.com\/1\/?p=59057"},"modified":"2018-07-29T14:18:13","modified_gmt":"2018-07-29T17:18:13","slug":"ricardo-anuncia-que-segundo-nome-para-concorrer-ao-senado-sera-revelado-proxima-quarta","status":"publish","type":"post","link":"https:\/\/www.caririemacao.com\/1\/2018\/07\/29\/ricardo-anuncia-que-segundo-nome-para-concorrer-ao-senado-sera-revelado-proxima-quarta\/","title":{"rendered":"Ricardo anuncia que segundo nome para concorrer ao Senado ser\u00e1 revelado pr\u00f3xima quarta"},"content":{"rendered":"<p>O governador Ricardo Coutinho (PSB) garantiu que o nome que ir\u00e1 disputar uma vaga para o Senado Federal, ao lado de Veneziano Vital do R\u00eago (PSB), ser\u00e1 anunciado pr\u00f3xima quarta-feira (01).<\/p>\n<p>De acordo com Ricardo \u00e9 importante que, al\u00e9m do pr\u00e9-candidato Jo\u00e3o Azevedo (PSB), toda a chapa do PSB seja eleita para continuar o projeto da sua gest\u00e3o na Para\u00edba.<\/p>\n<p>\u201c\u00c9 preciso olhar pra essa caminhada, esse exec\u00edcio, para esse avan\u00e7o, e efetivamente confiar vit\u00f3ria para Jo\u00e3o Azevedo, Veneziano e o grande companheiro que iremos anunciar para a vaga ao senado na pr\u00f3xima quarta-feita\u201d, declarou.<\/p>\n<p>&nbsp;<\/p>\n<p>Leia mais not\u00edcias em\u00a0<a href=\"http:\/\/www.caririemacao.com\/\">caririemacao.com<\/a>, siga nossa p\u00e1gina no\u00a0<a href=\"https:\/\/www.facebook.com\/CaririEmAcao\/?ref=aymt_homepage_panel\">Facebook<\/a>,\u00a0<a href=\"https:\/\/www.instagram.com\/cariri_em_acao\/?hl=pt-br\">Instagram<\/a>\u00a0e\u00a0<a href=\"https:\/\/www.youtube.com\/channel\/UCAptA0jQuYQy8vMhLt2m4qg\">Youtube<\/a>\u00a0e veja nossas mat\u00e9rias, v\u00eddeos e fotos. Voc\u00ea tamb\u00e9m pode enviar informa\u00e7\u00f5es \u00e0 Reda\u00e7\u00e3o do Portal Cariri em A\u00e7\u00e3o pelo WhatsApp (83) 9 9634.5791, (83) 9 9601-1162.<\/p>\n","protected":false},"excerpt":{"rendered":"<p>O governador Ricardo Coutinho (PSB) garantiu que o nome que ir\u00e1 disputar uma vaga para o Senado Federal, ao lado de Veneziano Vital do R\u00eago&hellip; <\/p>\n","protected":false},"author":2,"featured_media":51753,"comment_status":"closed","ping_status":"closed","sticky":false,"template":"","format":"standard","meta":{"sfsi_plus_gutenberg_text_before_share":"","sfsi_plus_gutenberg_show_text_before_share":"","sfsi_plus_gutenberg_icon_type":"","sfsi_plus_gutenberg_icon_alignemt":"","sfsi_plus_gutenburg_max_per_row":"","footnotes":""},"categories":[1],"tags":[],"class_list":["post-59057","post","type-post","status-publish","format-standard","has-post-thumbnail","hentry","category-o-site"],"_links":{"self":[{"href":"https:\/\/www.caririemacao.com\/1\/wp-json\/wp\/v2\/posts\/59057","targetHints":{"allow":["GET"]}}],"collection":[{"href":"https:\/\/www.caririemacao.com\/1\/wp-json\/wp\/v2\/posts"}],"about":[{"href":"https:\/\/www.caririemacao.com\/1\/wp-json\/wp\/v2\/types\/post"}],"author":[{"embeddable":true,"href":"https:\/\/www.caririemacao.com\/1\/wp-json\/wp\/v2\/users\/2"}],"replies":[{"embeddable":true,"href":"https:\/\/www.caririemacao.com\/1\/wp-json\/wp\/v2\/comments?post=59057"}],"version-history":[{"count":1,"href":"https:\/\/www.caririemacao.com\/1\/wp-json\/wp\/v2\/posts\/59057\/revisions"}],"predecessor-version":[{"id":59058,"href":"https:\/\/www.caririemacao.com\/1\/wp-json\/wp\/v2\/posts\/59057\/revisions\/59058"}],"wp:featuredmedia":[{"embeddable":true,"href":"https:\/\/www.caririemacao.com\/1\/wp-json\/wp\/v2\/media\/51753"}],"wp:attachment":[{"href":"https:\/\/www.caririemacao.com\/1\/wp-json\/wp\/v2\/media?parent=59057"}],"wp:term":[{"taxonomy":"category","embeddable":true,"href":"https:\/\/www.caririemacao.com\/1\/wp-json\/wp\/v2\/categories?post=59057"},{"taxonomy":"post_tag","embeddable":true,"href":"https:\/\/www.caririemacao.com\/1\/wp-json\/wp\/v2\/tags?post=59057"}],"curies":[{"name":"wp","href":"https:\/\/api.w.org\/{rel}","templated":true}]}}