{"id":59059,"date":"2018-07-29T14:24:34","date_gmt":"2018-07-29T17:24:34","guid":{"rendered":"http:\/\/caririemacao.com\/1\/?p=59059"},"modified":"2018-07-29T14:24:34","modified_gmt":"2018-07-29T17:24:34","slug":"fazendo-sinal-da-vitoria-maranhao-e-manoel-jr-sao-vistos-juntos-novamente-em-festejos-na-pb","status":"publish","type":"post","link":"https:\/\/www.caririemacao.com\/1\/2018\/07\/29\/fazendo-sinal-da-vitoria-maranhao-e-manoel-jr-sao-vistos-juntos-novamente-em-festejos-na-pb\/","title":{"rendered":"Fazendo sinal da vit\u00f3ria, Maranh\u00e3o e Manoel Jr. s\u00e3o vistos juntos novamente em festejos na PB"},"content":{"rendered":"<p>Mais uma vez, por obra do destino ou da casualidade, os pr\u00e9-candidatos ao Governo do Estado Jos\u00e9 Maranh\u00e3o (MDB) e ao Senado, Manoel Junior (PSC), se encontraram novamente em um evento festivo. Dessa vez os dois estiveram no munic\u00edpio de Sol\u00e2nea, no festejos do Caminhos do Frio, na noite desse s\u00e1bado (28).<\/p>\n<p>Maranh\u00e3o e Manoel pousaram para fotos, lado a lado, junto com outras lideran\u00e7as pol\u00edticas da regi\u00e3o. Na foto em que est\u00e3o juntos,\u00a0 os dois aparecem fazendo o sinal que simboliza vit\u00f3ria com as m\u00e3os, enquanto o deputado estadual Raniery Paulino (MDB) faz o sinal de positivo.<\/p>\n<p>Manoel Junior, ainda n\u00e3o declarou se ir\u00e1 apoiar seu ex-companheiro de partido, ou se continuar\u00e1 ao lado de Luciano Cartaxo (PV) e ir\u00e1 apoiar a pr\u00e9-candidatura ao Governo do Estado do seu irm\u00e3o g\u00eameo, Luc\u00e9lio Cartaxo (PV). Manoel deixou nas m\u00e3os do presidente da legenda, deputado Marcondes Gadelha, a decis\u00e3o final.<\/p>\n<p>Maranh\u00e3o e Manoel haviam se encontrado anteriormente, na v\u00e9spera de S\u00e3o Jo\u00e3o, durante a\u00a0comemora\u00e7\u00e3o do anivers\u00e1rio do ex-deputado estadual M\u00e1rcio Roberto, na cidade de S\u00e3o Bento.<\/p>\n<p>&nbsp;<\/p>\n<p>Leia mais not\u00edcias em\u00a0<a href=\"http:\/\/www.caririemacao.com\/\">caririemacao.com<\/a>, siga nossa p\u00e1gina no\u00a0<a href=\"https:\/\/www.facebook.com\/CaririEmAcao\/?ref=aymt_homepage_panel\">Facebook<\/a>,\u00a0<a href=\"https:\/\/www.instagram.com\/cariri_em_acao\/?hl=pt-br\">Instagram<\/a>\u00a0e\u00a0<a href=\"https:\/\/www.youtube.com\/channel\/UCAptA0jQuYQy8vMhLt2m4qg\">Youtube<\/a>\u00a0e veja nossas mat\u00e9rias, v\u00eddeos e fotos. Voc\u00ea tamb\u00e9m pode enviar informa\u00e7\u00f5es \u00e0 Reda\u00e7\u00e3o do Portal Cariri em A\u00e7\u00e3o pelo WhatsApp (83) 9 9634.5791, (83) 9 9601-1162.<\/p>\n","protected":false},"excerpt":{"rendered":"<p>Mais uma vez, por obra do destino ou da casualidade, os pr\u00e9-candidatos ao Governo do Estado Jos\u00e9 Maranh\u00e3o (MDB) e ao Senado, Manoel Junior (PSC),&hellip; <\/p>\n","protected":false},"author":2,"featured_media":59060,"comment_status":"closed","ping_status":"closed","sticky":false,"template":"","format":"standard","meta":{"sfsi_plus_gutenberg_text_before_share":"","sfsi_plus_gutenberg_show_text_before_share":"","sfsi_plus_gutenberg_icon_type":"","sfsi_plus_gutenberg_icon_alignemt":"","sfsi_plus_gutenburg_max_per_row":"","footnotes":""},"categories":[1],"tags":[],"class_list":["post-59059","post","type-post","status-publish","format-standard","has-post-thumbnail","hentry","category-o-site"],"_links":{"self":[{"href":"https:\/\/www.caririemacao.com\/1\/wp-json\/wp\/v2\/posts\/59059","targetHints":{"allow":["GET"]}}],"collection":[{"href":"https:\/\/www.caririemacao.com\/1\/wp-json\/wp\/v2\/posts"}],"about":[{"href":"https:\/\/www.caririemacao.com\/1\/wp-json\/wp\/v2\/types\/post"}],"author":[{"embeddable":true,"href":"https:\/\/www.caririemacao.com\/1\/wp-json\/wp\/v2\/users\/2"}],"replies":[{"embeddable":true,"href":"https:\/\/www.caririemacao.com\/1\/wp-json\/wp\/v2\/comments?post=59059"}],"version-history":[{"count":1,"href":"https:\/\/www.caririemacao.com\/1\/wp-json\/wp\/v2\/posts\/59059\/revisions"}],"predecessor-version":[{"id":59061,"href":"https:\/\/www.caririemacao.com\/1\/wp-json\/wp\/v2\/posts\/59059\/revisions\/59061"}],"wp:featuredmedia":[{"embeddable":true,"href":"https:\/\/www.caririemacao.com\/1\/wp-json\/wp\/v2\/media\/59060"}],"wp:attachment":[{"href":"https:\/\/www.caririemacao.com\/1\/wp-json\/wp\/v2\/media?parent=59059"}],"wp:term":[{"taxonomy":"category","embeddable":true,"href":"https:\/\/www.caririemacao.com\/1\/wp-json\/wp\/v2\/categories?post=59059"},{"taxonomy":"post_tag","embeddable":true,"href":"https:\/\/www.caririemacao.com\/1\/wp-json\/wp\/v2\/tags?post=59059"}],"curies":[{"name":"wp","href":"https:\/\/api.w.org\/{rel}","templated":true}]}}