{"id":59073,"date":"2018-07-29T20:38:44","date_gmt":"2018-07-29T23:38:44","guid":{"rendered":"http:\/\/caririemacao.com\/1\/?p=59073"},"modified":"2018-07-29T20:38:44","modified_gmt":"2018-07-29T23:38:44","slug":"prefeito-inacio-nobrega-participa-da-19a-edicao-do-bode-na-rua-do-municipio-de-gurjao","status":"publish","type":"post","link":"https:\/\/www.caririemacao.com\/1\/2018\/07\/29\/prefeito-inacio-nobrega-participa-da-19a-edicao-do-bode-na-rua-do-municipio-de-gurjao\/","title":{"rendered":"Prefeito In\u00e1cio N\u00f3brega participa da 19\u00aa edi\u00e7\u00e3o do Bode na Rua do munic\u00edpio de Gurj\u00e3o"},"content":{"rendered":"<p>Com objetivo de fortalecer ainda mais o la\u00e7o com os produtores rurais de v\u00e1rios munic\u00edpios oriundos das diversas regi\u00f5es dos estados de Pernambuco, Rio Grande do Norte e Para\u00edba, o prefeito In\u00e1cio N\u00f3brega se fez presente neste s\u00e1bado (28\/07), em mais uma edi\u00e7\u00e3o do Bode na Rua no munic\u00edpio de Gurj\u00e3o, acompanhado de membros de sua equipe administrativa e alguns produtores rurais do munic\u00edpio de Amparo.<\/p>\n<p>A visita ao prefeito Ronaldo Queiroz, serviu para pud\u00e9ssemos observar de perto todo processo evolutivo deste evento que chega \u00e0 sua 19\u00aa edi\u00e7\u00e3o e, avaliarmos o que temos feito na nossa &#8211; Amparo Cabra Fest &#8211; digo sem medo de errar: Falta muito pouco para que o nosso evento se torne t\u00e3o grande quanto munic\u00edpios como Gurj\u00e3o, Cabaceiras ou Prata &#8211; disse o prefeito.<\/p>\n<p>Na oportunidade, a assessoria de comunica\u00e7\u00e3o em entrevista concedida aos meios de comunica\u00e7\u00e3o presentes ao evento, divulgou j\u00e1 a data da 3\u00aa edi\u00e7\u00e3o da Amparo Cabra Fest 2019, que acontecer\u00e1 de 11 a 14 de Julho.<\/p>\n<p><strong>CARIRI EM A\u00c7\u00c3O<\/strong><\/p>\n<p>Com Ascom\/Foto: Reprodu\u00e7\u00e3o Internet, Divulga\u00e7\u00e3o<\/p>\n<p>Leia mais not\u00edcias em\u00a0<a href=\"http:\/\/www.caririemacao.com\/\">caririemacao.com<\/a>, siga nossa p\u00e1gina no\u00a0<a href=\"https:\/\/www.facebook.com\/CaririEmAcao\/?ref=aymt_homepage_panel\">Facebook<\/a>,\u00a0<a href=\"https:\/\/www.instagram.com\/cariri_em_acao\/?hl=pt-br\">Instagram<\/a>\u00a0e <a href=\"https:\/\/www.youtube.com\/channel\/UCAptA0jQuYQy8vMhLt2m4qg\">Youtube<\/a>\u00a0e veja nossas mat\u00e9rias, v\u00eddeos e fotos. Voc\u00ea tamb\u00e9m pode enviar informa\u00e7\u00f5es \u00e0 Reda\u00e7\u00e3o do Portal Cariri em A\u00e7\u00e3o pelo WhatsApp (83) 9 9634.5791, (83) 9 9601-1162.<\/p>\n","protected":false},"excerpt":{"rendered":"<p>Com objetivo de fortalecer ainda mais o la\u00e7o com os produtores rurais de v\u00e1rios munic\u00edpios oriundos das diversas regi\u00f5es dos estados de Pernambuco, Rio Grande&hellip; <\/p>\n","protected":false},"author":1,"featured_media":59074,"comment_status":"closed","ping_status":"closed","sticky":false,"template":"","format":"standard","meta":{"sfsi_plus_gutenberg_text_before_share":"","sfsi_plus_gutenberg_show_text_before_share":"","sfsi_plus_gutenberg_icon_type":"","sfsi_plus_gutenberg_icon_alignemt":"","sfsi_plus_gutenburg_max_per_row":"","footnotes":""},"categories":[2],"tags":[],"class_list":["post-59073","post","type-post","status-publish","format-standard","has-post-thumbnail","hentry","category-geral"],"_links":{"self":[{"href":"https:\/\/www.caririemacao.com\/1\/wp-json\/wp\/v2\/posts\/59073","targetHints":{"allow":["GET"]}}],"collection":[{"href":"https:\/\/www.caririemacao.com\/1\/wp-json\/wp\/v2\/posts"}],"about":[{"href":"https:\/\/www.caririemacao.com\/1\/wp-json\/wp\/v2\/types\/post"}],"author":[{"embeddable":true,"href":"https:\/\/www.caririemacao.com\/1\/wp-json\/wp\/v2\/users\/1"}],"replies":[{"embeddable":true,"href":"https:\/\/www.caririemacao.com\/1\/wp-json\/wp\/v2\/comments?post=59073"}],"version-history":[{"count":1,"href":"https:\/\/www.caririemacao.com\/1\/wp-json\/wp\/v2\/posts\/59073\/revisions"}],"predecessor-version":[{"id":59075,"href":"https:\/\/www.caririemacao.com\/1\/wp-json\/wp\/v2\/posts\/59073\/revisions\/59075"}],"wp:featuredmedia":[{"embeddable":true,"href":"https:\/\/www.caririemacao.com\/1\/wp-json\/wp\/v2\/media\/59074"}],"wp:attachment":[{"href":"https:\/\/www.caririemacao.com\/1\/wp-json\/wp\/v2\/media?parent=59073"}],"wp:term":[{"taxonomy":"category","embeddable":true,"href":"https:\/\/www.caririemacao.com\/1\/wp-json\/wp\/v2\/categories?post=59073"},{"taxonomy":"post_tag","embeddable":true,"href":"https:\/\/www.caririemacao.com\/1\/wp-json\/wp\/v2\/tags?post=59073"}],"curies":[{"name":"wp","href":"https:\/\/api.w.org\/{rel}","templated":true}]}}