{"id":59080,"date":"2018-07-29T20:58:57","date_gmt":"2018-07-29T23:58:57","guid":{"rendered":"http:\/\/caririemacao.com\/1\/?p=59080"},"modified":"2018-07-29T21:02:03","modified_gmt":"2018-07-30T00:02:03","slug":"com-sete-segundos-de-tv-campanha-de-bolsonaro-sera-feita-por-agencia-da-paraiba","status":"publish","type":"post","link":"https:\/\/www.caririemacao.com\/1\/2018\/07\/29\/com-sete-segundos-de-tv-campanha-de-bolsonaro-sera-feita-por-agencia-da-paraiba\/","title":{"rendered":"Com sete segundos de TV, campanha de Bolsonaro ser\u00e1 feita por ag\u00eancia da Para\u00edba"},"content":{"rendered":"<p>Embora o pr\u00e9-candidato a presidente da Rep\u00fablica Jair Bolsonaro (PSL) jacte-se de n\u00e3o precisar de marqueteiro alegando que disp\u00f5e apenas de sete segundos de TV, desde maio sua pr\u00e9-campanha conta com os servi\u00e7os de uma empresa de comunica\u00e7\u00e3o especializada em elei\u00e7\u00f5es: a ag\u00eancia 9 ideia, de Jo\u00e3o Pessoa, na Para\u00edba, dirigida por Lucas Salles, de 55 anos. Ele \u00e9 destaque na recente edi\u00e7\u00e3o da revista \u201cVeja\u201d \u2013 estava preparado para fazer a campanha de Julio Lossio, candidato da Rede ao governo de Pernambuco, at\u00e9 que recebeu o convite para trabalhar para Bolsonaro.<\/p>\n<p>Em entrevista ao rep\u00f3rter Gabriel Castro, da sucursal de \u201cVeja\u201d, em Bras\u00edlia, Salles diz que escolheu o mote da campanha, produziu o jingle e est\u00e1 bolando a estrat\u00e9gia para aproveitar de maneira surpreendente os dois programas di\u00e1rios de TV de tr\u00eas segundos e meio de dura\u00e7\u00e3o, cada um. Ele, por\u00e9m, faz uma ressalva: n\u00e3o \u00e9 marqueteiro, cujo termo abomina. \u201cUsa-se marquet\u00f3logo\u201d, explica.<\/p>\n<p><strong>CARIRI EM A\u00c7\u00c3O<\/strong><\/p>\n<p>Com\u00a0Os Guedes \/Foto: Reprodu\u00e7\u00e3o Internet<\/p>\n<p>Leia mais not\u00edcias em\u00a0<a href=\"http:\/\/www.caririemacao.com\/\">caririemacao.com<\/a>, siga nossa p\u00e1gina no\u00a0<a href=\"https:\/\/www.facebook.com\/CaririEmAcao\/?ref=aymt_homepage_panel\">Facebook<\/a>,\u00a0<a href=\"https:\/\/www.instagram.com\/cariri_em_acao\/?hl=pt-br\">Instagram<\/a>\u00a0e <a href=\"https:\/\/www.youtube.com\/channel\/UCAptA0jQuYQy8vMhLt2m4qg\">Youtube<\/a>\u00a0e veja nossas mat\u00e9rias, v\u00eddeos e fotos. Voc\u00ea tamb\u00e9m pode enviar informa\u00e7\u00f5es \u00e0 Reda\u00e7\u00e3o do Portal Cariri em A\u00e7\u00e3o pelo WhatsApp (83) 9 9634.5791, (83) 9 9601-1162.<\/p>\n","protected":false},"excerpt":{"rendered":"<p>Embora o pr\u00e9-candidato a presidente da Rep\u00fablica Jair Bolsonaro (PSL) jacte-se de n\u00e3o precisar de marqueteiro alegando que disp\u00f5e apenas de sete segundos de TV,&hellip; <\/p>\n","protected":false},"author":1,"featured_media":55613,"comment_status":"closed","ping_status":"closed","sticky":false,"template":"","format":"standard","meta":{"sfsi_plus_gutenberg_text_before_share":"","sfsi_plus_gutenberg_show_text_before_share":"","sfsi_plus_gutenberg_icon_type":"","sfsi_plus_gutenberg_icon_alignemt":"","sfsi_plus_gutenburg_max_per_row":"","footnotes":""},"categories":[11],"tags":[],"class_list":["post-59080","post","type-post","status-publish","format-standard","has-post-thumbnail","hentry","category-politica"],"_links":{"self":[{"href":"https:\/\/www.caririemacao.com\/1\/wp-json\/wp\/v2\/posts\/59080","targetHints":{"allow":["GET"]}}],"collection":[{"href":"https:\/\/www.caririemacao.com\/1\/wp-json\/wp\/v2\/posts"}],"about":[{"href":"https:\/\/www.caririemacao.com\/1\/wp-json\/wp\/v2\/types\/post"}],"author":[{"embeddable":true,"href":"https:\/\/www.caririemacao.com\/1\/wp-json\/wp\/v2\/users\/1"}],"replies":[{"embeddable":true,"href":"https:\/\/www.caririemacao.com\/1\/wp-json\/wp\/v2\/comments?post=59080"}],"version-history":[{"count":1,"href":"https:\/\/www.caririemacao.com\/1\/wp-json\/wp\/v2\/posts\/59080\/revisions"}],"predecessor-version":[{"id":59081,"href":"https:\/\/www.caririemacao.com\/1\/wp-json\/wp\/v2\/posts\/59080\/revisions\/59081"}],"wp:featuredmedia":[{"embeddable":true,"href":"https:\/\/www.caririemacao.com\/1\/wp-json\/wp\/v2\/media\/55613"}],"wp:attachment":[{"href":"https:\/\/www.caririemacao.com\/1\/wp-json\/wp\/v2\/media?parent=59080"}],"wp:term":[{"taxonomy":"category","embeddable":true,"href":"https:\/\/www.caririemacao.com\/1\/wp-json\/wp\/v2\/categories?post=59080"},{"taxonomy":"post_tag","embeddable":true,"href":"https:\/\/www.caririemacao.com\/1\/wp-json\/wp\/v2\/tags?post=59080"}],"curies":[{"name":"wp","href":"https:\/\/api.w.org\/{rel}","templated":true}]}}