{"id":59088,"date":"2018-07-30T08:57:42","date_gmt":"2018-07-30T11:57:42","guid":{"rendered":"http:\/\/caririemacao.com\/1\/?p=59088"},"modified":"2018-07-30T08:57:42","modified_gmt":"2018-07-30T11:57:42","slug":"lucelio-e-recebido-por-uma-multidao-em-camalau","status":"publish","type":"post","link":"https:\/\/www.caririemacao.com\/1\/2018\/07\/30\/lucelio-e-recebido-por-uma-multidao-em-camalau\/","title":{"rendered":"Luc\u00e9lio \u00e9 recebido por uma multid\u00e3o em Camala\u00fa"},"content":{"rendered":"<p>Recebido com entusiasmo pela popula\u00e7\u00e3o de Camala\u00fa, o pr\u00e9-candidato ao Governo do Estado, Luc\u00e9lio Cartaxo (PV), esteve visitando neste final de semana a cidade de Camala\u00fa, no Cariri Paraibano.<\/p>\n<p>Ao lado do deputado Federal Pedro Cunha Lima e do deputado estadual Jo\u00e3o Henrique, Luc\u00e9lio recebido pelo prefeito Sandro M\u00f4co, vice-prefeito Kiel, vereadores e amigos.<\/p>\n<p>Cartaxo manifestou o carinho que tem recebido da popula\u00e7\u00e3o em todas as regi\u00f5es do Estado e disse quem e Elei\u00e7\u00e3o quem decide \u00e9 o povo. \u201cN\u00f3s ficamos muito contentes quando recebemos toda essa manifesta\u00e7\u00e3o de confian\u00e7a por onde passamos. Aqui, a gente s\u00f3 planta a boa pol\u00edtica, da uni\u00e3o, da esperan\u00e7a e do amor. Estamos prontos para fazer o Estado avan\u00e7ar no rumo certo, porque vamos fazer isso ao lado da popula\u00e7\u00e3o, a exemplo do que vem acontecendo com o novo estilo de governar de Jo\u00e3o Pessoa\u201d, disse.<\/p>\n<p><strong>CARIRI EM A\u00c7\u00c3O <\/strong><\/p>\n<p>Leia mais not\u00edcias em\u00a0<a href=\"http:\/\/www.caririemacao.com\/\">caririemacao.com<\/a>, siga nossa p\u00e1gina no\u00a0<a href=\"https:\/\/www.facebook.com\/CaririEmAcao\/?ref=aymt_homepage_panel\">Facebook<\/a>,\u00a0<a href=\"https:\/\/www.instagram.com\/cariri_em_acao\/?hl=pt-br\">Instagram<\/a>\u00a0e\u00a0<a href=\"https:\/\/www.youtube.com\/channel\/UCAptA0jQuYQy8vMhLt2m4qg\">Youtube<\/a>\u00a0e veja nossas mat\u00e9rias, v\u00eddeos e fotos. Voc\u00ea tamb\u00e9m pode enviar informa\u00e7\u00f5es \u00e0 Reda\u00e7\u00e3o do Portal Cariri em A\u00e7\u00e3o pelo WhatsApp (83) 9 9634.5791, (83) 9 9601-1162.<\/p>\n","protected":false},"excerpt":{"rendered":"<p>Recebido com entusiasmo pela popula\u00e7\u00e3o de Camala\u00fa, o pr\u00e9-candidato ao Governo do Estado, Luc\u00e9lio Cartaxo (PV), esteve visitando neste final de semana a cidade de&hellip; <\/p>\n","protected":false},"author":2,"featured_media":59089,"comment_status":"closed","ping_status":"closed","sticky":false,"template":"","format":"standard","meta":{"sfsi_plus_gutenberg_text_before_share":"","sfsi_plus_gutenberg_show_text_before_share":"","sfsi_plus_gutenberg_icon_type":"","sfsi_plus_gutenberg_icon_alignemt":"","sfsi_plus_gutenburg_max_per_row":"","footnotes":""},"categories":[11],"tags":[],"class_list":["post-59088","post","type-post","status-publish","format-standard","has-post-thumbnail","hentry","category-politica"],"_links":{"self":[{"href":"https:\/\/www.caririemacao.com\/1\/wp-json\/wp\/v2\/posts\/59088","targetHints":{"allow":["GET"]}}],"collection":[{"href":"https:\/\/www.caririemacao.com\/1\/wp-json\/wp\/v2\/posts"}],"about":[{"href":"https:\/\/www.caririemacao.com\/1\/wp-json\/wp\/v2\/types\/post"}],"author":[{"embeddable":true,"href":"https:\/\/www.caririemacao.com\/1\/wp-json\/wp\/v2\/users\/2"}],"replies":[{"embeddable":true,"href":"https:\/\/www.caririemacao.com\/1\/wp-json\/wp\/v2\/comments?post=59088"}],"version-history":[{"count":1,"href":"https:\/\/www.caririemacao.com\/1\/wp-json\/wp\/v2\/posts\/59088\/revisions"}],"predecessor-version":[{"id":59090,"href":"https:\/\/www.caririemacao.com\/1\/wp-json\/wp\/v2\/posts\/59088\/revisions\/59090"}],"wp:featuredmedia":[{"embeddable":true,"href":"https:\/\/www.caririemacao.com\/1\/wp-json\/wp\/v2\/media\/59089"}],"wp:attachment":[{"href":"https:\/\/www.caririemacao.com\/1\/wp-json\/wp\/v2\/media?parent=59088"}],"wp:term":[{"taxonomy":"category","embeddable":true,"href":"https:\/\/www.caririemacao.com\/1\/wp-json\/wp\/v2\/categories?post=59088"},{"taxonomy":"post_tag","embeddable":true,"href":"https:\/\/www.caririemacao.com\/1\/wp-json\/wp\/v2\/tags?post=59088"}],"curies":[{"name":"wp","href":"https:\/\/api.w.org\/{rel}","templated":true}]}}