{"id":59091,"date":"2018-07-30T08:59:32","date_gmt":"2018-07-30T11:59:32","guid":{"rendered":"http:\/\/caririemacao.com\/1\/?p=59091"},"modified":"2018-07-30T08:59:32","modified_gmt":"2018-07-30T11:59:32","slug":"eden-participa-de-cavalgada-em-sume","status":"publish","type":"post","link":"https:\/\/www.caririemacao.com\/1\/2018\/07\/30\/eden-participa-de-cavalgada-em-sume\/","title":{"rendered":"\u00c9den participa de Cavalgada em Sum\u00e9"},"content":{"rendered":"<p>O prefeito de Sum\u00e9, \u00c9den Duarte, participou na manh\u00e3 deste domingo, dia 29, da tradicional Cavalgada do agricultor, realizada durante a semana do agricultor.<\/p>\n<p>A cavalgada \u00e9 realizada pela professora Adriana Meira e alunos do CDSA com apoio da Prefeitura de Sum\u00e9.<\/p>\n<p>\u00c9den disse que apoiar este tipo de evento \u00e9 incentivar a valoriza\u00e7\u00e3o das tradi\u00e7\u00f5es dos nordestinos.<\/p>\n<p><strong>CARIRI EM A\u00c7\u00c3O <\/strong><\/p>\n<p>Leia mais not\u00edcias em\u00a0<a href=\"http:\/\/www.caririemacao.com\/\">caririemacao.com<\/a>, siga nossa p\u00e1gina no\u00a0<a href=\"https:\/\/www.facebook.com\/CaririEmAcao\/?ref=aymt_homepage_panel\">Facebook<\/a>,\u00a0<a href=\"https:\/\/www.instagram.com\/cariri_em_acao\/?hl=pt-br\">Instagram<\/a>\u00a0e\u00a0<a href=\"https:\/\/www.youtube.com\/channel\/UCAptA0jQuYQy8vMhLt2m4qg\">Youtube<\/a>\u00a0e veja nossas mat\u00e9rias, v\u00eddeos e fotos. Voc\u00ea tamb\u00e9m pode enviar informa\u00e7\u00f5es \u00e0 Reda\u00e7\u00e3o do Portal Cariri em A\u00e7\u00e3o pelo WhatsApp (83) 9 9634.5791, (83) 9 9601-1162.<\/p>\n","protected":false},"excerpt":{"rendered":"<p>O prefeito de Sum\u00e9, \u00c9den Duarte, participou na manh\u00e3 deste domingo, dia 29, da tradicional Cavalgada do agricultor, realizada durante a semana do agricultor. A&hellip; <\/p>\n","protected":false},"author":2,"featured_media":59092,"comment_status":"closed","ping_status":"closed","sticky":false,"template":"","format":"standard","meta":{"sfsi_plus_gutenberg_text_before_share":"","sfsi_plus_gutenberg_show_text_before_share":"","sfsi_plus_gutenberg_icon_type":"","sfsi_plus_gutenberg_icon_alignemt":"","sfsi_plus_gutenburg_max_per_row":"","footnotes":""},"categories":[6],"tags":[],"class_list":["post-59091","post","type-post","status-publish","format-standard","has-post-thumbnail","hentry","category-cidades"],"_links":{"self":[{"href":"https:\/\/www.caririemacao.com\/1\/wp-json\/wp\/v2\/posts\/59091","targetHints":{"allow":["GET"]}}],"collection":[{"href":"https:\/\/www.caririemacao.com\/1\/wp-json\/wp\/v2\/posts"}],"about":[{"href":"https:\/\/www.caririemacao.com\/1\/wp-json\/wp\/v2\/types\/post"}],"author":[{"embeddable":true,"href":"https:\/\/www.caririemacao.com\/1\/wp-json\/wp\/v2\/users\/2"}],"replies":[{"embeddable":true,"href":"https:\/\/www.caririemacao.com\/1\/wp-json\/wp\/v2\/comments?post=59091"}],"version-history":[{"count":1,"href":"https:\/\/www.caririemacao.com\/1\/wp-json\/wp\/v2\/posts\/59091\/revisions"}],"predecessor-version":[{"id":59093,"href":"https:\/\/www.caririemacao.com\/1\/wp-json\/wp\/v2\/posts\/59091\/revisions\/59093"}],"wp:featuredmedia":[{"embeddable":true,"href":"https:\/\/www.caririemacao.com\/1\/wp-json\/wp\/v2\/media\/59092"}],"wp:attachment":[{"href":"https:\/\/www.caririemacao.com\/1\/wp-json\/wp\/v2\/media?parent=59091"}],"wp:term":[{"taxonomy":"category","embeddable":true,"href":"https:\/\/www.caririemacao.com\/1\/wp-json\/wp\/v2\/categories?post=59091"},{"taxonomy":"post_tag","embeddable":true,"href":"https:\/\/www.caririemacao.com\/1\/wp-json\/wp\/v2\/tags?post=59091"}],"curies":[{"name":"wp","href":"https:\/\/api.w.org\/{rel}","templated":true}]}}