{"id":59094,"date":"2018-07-31T10:29:25","date_gmt":"2018-07-31T13:29:25","guid":{"rendered":"http:\/\/caririemacao.com\/1\/?p=59094"},"modified":"2019-04-30T16:05:33","modified_gmt":"2019-04-30T19:05:33","slug":"grande-shows-encerraram-a-festa-do-bode-na-rua-em-gurjao","status":"publish","type":"post","link":"https:\/\/www.caririemacao.com\/1\/2018\/07\/31\/grande-shows-encerraram-a-festa-do-bode-na-rua-em-gurjao\/","title":{"rendered":"Grande shows encerraram a Festa do Bode na Rua em Gurj\u00e3o"},"content":{"rendered":"<p>Tr\u00eas atra\u00e7\u00f5es foram respons\u00e1veis para encerrar a \u00faltima noite da 19\u00aa edi\u00e7\u00e3o do Bode na Rua na cidade de Gurj\u00e3o.<\/p>\n<p>A primeira atra\u00e7\u00e3o foi Kaylan, seguida da banda A Loba e Aviny Vinny.<\/p>\n<p>O Bode na Rua foi realizado pela Prefeitura Municipal de Gurj\u00e3o \u2013 Governo Amor de Cidade.<\/p>\n<p>Vale destacar que a cobertura do evento contou com a transmiss\u00e3o do Cariri em A\u00e7\u00e3o atrav\u00e9s da empresa Ondanet \u2013 provedor de internet fibra \u00f3ptica.<\/p>\n<h2><a href=\"https:\/\/www.facebook.com\/pg\/CaririEmAcao\/photos\/?tab=album&amp;album_id=1314848371984516\">Veja fotos as do Bode na Rua 2018 &#8211; 29.07.2018\u00a0<\/a><\/h2>\n<p><strong>Com Emanuel Costa<\/strong><\/p>\n<p>Leia mais not\u00edcias em\u00a0<a href=\"http:\/\/www.caririemacao.com\/\">caririemacao.com<\/a>, siga nossa p\u00e1gina no\u00a0<a href=\"https:\/\/www.facebook.com\/CaririEmAcao\/?ref=aymt_homepage_panel\">Facebook<\/a>,\u00a0<a href=\"https:\/\/www.instagram.com\/cariri_em_acao\/?hl=pt-br\">Instagram<\/a>\u00a0e\u00a0<a href=\"https:\/\/www.youtube.com\/channel\/UCAptA0jQuYQy8vMhLt2m4qg\">Youtube<\/a>\u00a0e veja nossas mat\u00e9rias, v\u00eddeos e fotos. Voc\u00ea tamb\u00e9m pode enviar informa\u00e7\u00f5es \u00e0 Reda\u00e7\u00e3o do Portal Cariri em A\u00e7\u00e3o pelo WhatsApp (83) 9 9634.5791, (83) 9 9601-1162.<\/p>\n","protected":false},"excerpt":{"rendered":"<p>Tr\u00eas atra\u00e7\u00f5es foram respons\u00e1veis para encerrar a \u00faltima noite da 19\u00aa edi\u00e7\u00e3o do Bode na Rua na cidade de Gurj\u00e3o. A primeira atra\u00e7\u00e3o foi Kaylan,&hellip; <\/p>\n","protected":false},"author":2,"featured_media":59096,"comment_status":"closed","ping_status":"closed","sticky":false,"template":"","format":"standard","meta":{"sfsi_plus_gutenberg_text_before_share":"","sfsi_plus_gutenberg_show_text_before_share":"","sfsi_plus_gutenberg_icon_type":"","sfsi_plus_gutenberg_icon_alignemt":"","sfsi_plus_gutenburg_max_per_row":"","footnotes":""},"categories":[6],"tags":[],"class_list":["post-59094","post","type-post","status-publish","format-standard","has-post-thumbnail","hentry","category-cidades"],"_links":{"self":[{"href":"https:\/\/www.caririemacao.com\/1\/wp-json\/wp\/v2\/posts\/59094","targetHints":{"allow":["GET"]}}],"collection":[{"href":"https:\/\/www.caririemacao.com\/1\/wp-json\/wp\/v2\/posts"}],"about":[{"href":"https:\/\/www.caririemacao.com\/1\/wp-json\/wp\/v2\/types\/post"}],"author":[{"embeddable":true,"href":"https:\/\/www.caririemacao.com\/1\/wp-json\/wp\/v2\/users\/2"}],"replies":[{"embeddable":true,"href":"https:\/\/www.caririemacao.com\/1\/wp-json\/wp\/v2\/comments?post=59094"}],"version-history":[{"count":3,"href":"https:\/\/www.caririemacao.com\/1\/wp-json\/wp\/v2\/posts\/59094\/revisions"}],"predecessor-version":[{"id":93542,"href":"https:\/\/www.caririemacao.com\/1\/wp-json\/wp\/v2\/posts\/59094\/revisions\/93542"}],"wp:featuredmedia":[{"embeddable":true,"href":"https:\/\/www.caririemacao.com\/1\/wp-json\/wp\/v2\/media\/59096"}],"wp:attachment":[{"href":"https:\/\/www.caririemacao.com\/1\/wp-json\/wp\/v2\/media?parent=59094"}],"wp:term":[{"taxonomy":"category","embeddable":true,"href":"https:\/\/www.caririemacao.com\/1\/wp-json\/wp\/v2\/categories?post=59094"},{"taxonomy":"post_tag","embeddable":true,"href":"https:\/\/www.caririemacao.com\/1\/wp-json\/wp\/v2\/tags?post=59094"}],"curies":[{"name":"wp","href":"https:\/\/api.w.org\/{rel}","templated":true}]}}