{"id":59104,"date":"2018-07-30T14:03:52","date_gmt":"2018-07-30T17:03:52","guid":{"rendered":"http:\/\/caririemacao.com\/1\/?p=59104"},"modified":"2018-07-30T14:03:52","modified_gmt":"2018-07-30T17:03:52","slug":"prefeitura-de-cidade-do-cariri-abre-inscricoes-para-concurso-com-salarios-de-ate-r-2-150","status":"publish","type":"post","link":"https:\/\/www.caririemacao.com\/1\/2018\/07\/30\/prefeitura-de-cidade-do-cariri-abre-inscricoes-para-concurso-com-salarios-de-ate-r-2-150\/","title":{"rendered":"Prefeitura de cidade do Cariri abre inscri\u00e7\u00f5es para concurso com sal\u00e1rios de at\u00e9 R$ 2.150"},"content":{"rendered":"<p>Est\u00e3o abertas as inscri\u00e7\u00f5es para o concurso da prefeitura de Parari, no Cariri da Para\u00edba. A partir desta segunda-feira(30), o edital foi divulgado e est\u00e1 dispon\u00edvel\u00a0<a href=\"http:\/\/apiceconsultoria.com\/inscricoes\/internet.php?id=44\">no site da organizadora<\/a>\u00a0do concurso. Os sal\u00e1rios variam de R$ 954 a R$ 2.150.<\/p>\n<div class=\"mc-column content-text active-extra-styles \" data-block-type=\"unstyled\" data-block-weight=\"63\" data-block-id=\"4\">\n<p class=\"content-text__container \" data-track-category=\"Link no Texto\" data-track-links=\"\">As 28 vagas s\u00e3o para cargos de todos os n\u00edveis de escolaridade. O cargo com o maior n\u00famero de vagas \u00e9 o de auxiliar de servi\u00e7os gerais, com cinco oportunidades. O cargo exige n\u00edvel fundamental incompleto e tem sal\u00e1rio de R$ 954. O cargo com o maior sal\u00e1rio \u00e9 o enfermeiro PSF.<\/p>\n<\/div>\n<div class=\"mc-column content-text active-extra-styles \" data-block-type=\"unstyled\" data-block-weight=\"41\" data-block-id=\"5\">\n<p class=\"content-text__container \" data-track-category=\"Link no Texto\" data-track-links=\"\">Al\u00e9m destes cargos, a sele\u00e7\u00e3o \u00e9 para agente administrativo, agente de vigil\u00e2ncia sanit\u00e1ria, coveiro, gari, m\u00e9dico cl\u00ednico geral PSF, motorista B, motorista D (escolar e sa\u00fade), nutricionista, odont\u00f3logo PSF, orientador social, professor A (educa\u00e7\u00e3o infantil), psic\u00f3logo, operador de m\u00e1quinas, t\u00e9cnico de enfermagem PSF e vigia.<\/p>\n<\/div>\n<div class=\"mc-column content-text active-extra-styles \" data-block-type=\"unstyled\" data-block-weight=\"48\" data-block-id=\"6\">\n<p class=\"content-text__container \" data-track-category=\"Link no Texto\" data-track-links=\"\">As inscri\u00e7\u00f5es devem ser feitas exclusivamente pela internet, no site da organizadora, at\u00e9 o dia 19 de agosto. As taxas de inscri\u00e7\u00e3o custam R$ 58 para cargos de n\u00edvel fundamental, R$ 78 para cargos de n\u00edvel m\u00e9dio, R$ 68 para n\u00edvel t\u00e9cnico e R$ 88 para n\u00edvel superior.<\/p>\n<\/div>\n<div class=\"mc-column content-text active-extra-styles \" data-block-type=\"unstyled\" data-block-weight=\"29\" data-block-id=\"7\">\n<p class=\"content-text__container \" data-track-category=\"Link no Texto\" data-track-links=\"\">As provas escritas do concurso est\u00e3o previstas para acontecer no dia 16 de setembro, em hor\u00e1rio e local previsto para ser divulgado dez dias antes da data da prova. O resultado final do concurso est\u00e1 previsto para o dia 8 de novembro. O certame tem validade de dois anos, podendo ser prorrogado por igual per\u00edodo.<\/p>\n<\/div>\n<p><strong>CARIRI EM A\u00c7\u00c3O<\/strong><\/p>\n<p>Com PB Debate com De Olho no Cariri\/Foto: Google<\/p>\n<p>Leia mais not\u00edcias em\u00a0<a href=\"http:\/\/www.caririemacao.com\/\">caririemacao.com<\/a>, siga nossa p\u00e1gina no\u00a0<a href=\"https:\/\/www.facebook.com\/CaririEmAcao\/?ref=aymt_homepage_panel\">Facebook<\/a>,\u00a0<a href=\"https:\/\/www.instagram.com\/cariri_em_acao\/?hl=pt-br\">Instagram<\/a>\u00a0e\u00a0<a href=\"https:\/\/www.youtube.com\/channel\/UCAptA0jQuYQy8vMhLt2m4qg\">Youtube<\/a>\u00a0e veja nossas mat\u00e9rias, v\u00eddeos e fotos. Voc\u00ea tamb\u00e9m pode enviar informa\u00e7\u00f5es \u00e0 Reda\u00e7\u00e3o do Portal Cariri em A\u00e7\u00e3o pelo WhatsApp (83) 9 9634.5791, (83) 9 9601-1162.<\/p>\n","protected":false},"excerpt":{"rendered":"<p>Est\u00e3o abertas as inscri\u00e7\u00f5es para o concurso da prefeitura de Parari, no Cariri da Para\u00edba. A partir desta segunda-feira(30), o edital foi divulgado e est\u00e1&hellip; <\/p>\n","protected":false},"author":1,"featured_media":15614,"comment_status":"closed","ping_status":"closed","sticky":false,"template":"","format":"standard","meta":{"sfsi_plus_gutenberg_text_before_share":"","sfsi_plus_gutenberg_show_text_before_share":"","sfsi_plus_gutenberg_icon_type":"","sfsi_plus_gutenberg_icon_alignemt":"","sfsi_plus_gutenburg_max_per_row":"","footnotes":""},"categories":[2],"tags":[],"class_list":["post-59104","post","type-post","status-publish","format-standard","has-post-thumbnail","hentry","category-geral"],"_links":{"self":[{"href":"https:\/\/www.caririemacao.com\/1\/wp-json\/wp\/v2\/posts\/59104","targetHints":{"allow":["GET"]}}],"collection":[{"href":"https:\/\/www.caririemacao.com\/1\/wp-json\/wp\/v2\/posts"}],"about":[{"href":"https:\/\/www.caririemacao.com\/1\/wp-json\/wp\/v2\/types\/post"}],"author":[{"embeddable":true,"href":"https:\/\/www.caririemacao.com\/1\/wp-json\/wp\/v2\/users\/1"}],"replies":[{"embeddable":true,"href":"https:\/\/www.caririemacao.com\/1\/wp-json\/wp\/v2\/comments?post=59104"}],"version-history":[{"count":1,"href":"https:\/\/www.caririemacao.com\/1\/wp-json\/wp\/v2\/posts\/59104\/revisions"}],"predecessor-version":[{"id":59105,"href":"https:\/\/www.caririemacao.com\/1\/wp-json\/wp\/v2\/posts\/59104\/revisions\/59105"}],"wp:featuredmedia":[{"embeddable":true,"href":"https:\/\/www.caririemacao.com\/1\/wp-json\/wp\/v2\/media\/15614"}],"wp:attachment":[{"href":"https:\/\/www.caririemacao.com\/1\/wp-json\/wp\/v2\/media?parent=59104"}],"wp:term":[{"taxonomy":"category","embeddable":true,"href":"https:\/\/www.caririemacao.com\/1\/wp-json\/wp\/v2\/categories?post=59104"},{"taxonomy":"post_tag","embeddable":true,"href":"https:\/\/www.caririemacao.com\/1\/wp-json\/wp\/v2\/tags?post=59104"}],"curies":[{"name":"wp","href":"https:\/\/api.w.org\/{rel}","templated":true}]}}