{"id":59106,"date":"2018-07-30T14:34:24","date_gmt":"2018-07-30T17:34:24","guid":{"rendered":"http:\/\/caririemacao.com\/1\/?p=59106"},"modified":"2018-07-30T14:34:24","modified_gmt":"2018-07-30T17:34:24","slug":"deputado-assegura-recursos-para-sume","status":"publish","type":"post","link":"https:\/\/www.caririemacao.com\/1\/2018\/07\/30\/deputado-assegura-recursos-para-sume\/","title":{"rendered":"Deputado assegura recursos para Sum\u00e9"},"content":{"rendered":"<p>Em sua passagem pelo Cariri no \u00faltimo final de semana, o deputado federal e pr\u00e9-candidato ao senado, Veneziano Vital, confirmou a destina\u00e7\u00e3o de recursos para o Munic\u00edpio de Sum\u00e9 na ordem de mais de 700 mil reais.<\/p>\n<p>Inicialmente, atendendo solicita\u00e7\u00e3o do prefeito \u00c9den Duarte, Veneziano destinou atrav\u00e9s de emenda individual dele ao Or\u00e7amento Geral da Uni\u00e3o, recursos da ordem de 200 mil reais, a serem investidos na sa\u00fade do munic\u00edpio.<\/p>\n<p>O deputado conseguiu tamb\u00e9m mais de 500 mil reais para aplica\u00e7\u00e3o na renova\u00e7\u00e3o da rede de \u00e1gua do munic\u00edpio, que ser\u00e3o investidos na cidade via Cagepa.<\/p>\n<p><img fetchpriority=\"high\" decoding=\"async\" class=\"alignnone size-full wp-image-59109\" src=\"http:\/\/caririemacao.com\/1\/wp-content\/uploads\/2018\/07\/37961327_1311547218981298_7034940922273988608_n.jpg\" alt=\"\" width=\"800\" height=\"533\" srcset=\"https:\/\/www.caririemacao.com\/1\/wp-content\/uploads\/2018\/07\/37961327_1311547218981298_7034940922273988608_n.jpg 800w, https:\/\/www.caririemacao.com\/1\/wp-content\/uploads\/2018\/07\/37961327_1311547218981298_7034940922273988608_n-300x200.jpg 300w, https:\/\/www.caririemacao.com\/1\/wp-content\/uploads\/2018\/07\/37961327_1311547218981298_7034940922273988608_n-768x512.jpg 768w\" sizes=\"(max-width: 800px) 100vw, 800px\" \/><\/p>\n<p>\u201cFirmamos parceria com os parlamentares desta forma: com o compromisso por parte deles de carrearem recursos, apresentarem proposituras em benef\u00edcio do Munic\u00edpio de Sum\u00e9\u201d, destacou o prefeito \u00c9den Duarte.<\/p>\n<p>\u201cDe grande valia os recursos alocados pelo deputado Veneziano Vital para Sum\u00e9! Destaco que nossas reivindica\u00e7\u00f5es para com o deputado n\u00e3o param por aqui. Outros pleitos ir\u00e3o surgir, os quais n\u00e3o ser\u00e3o reivindica\u00e7\u00f5es pessoas de \u00c9den Duarte, mas sim, reivindica\u00e7\u00f5es da coletividade, em prol de toda sociedade sumeense\u201d, ressaltou o prefeito \u00c9den Duarte.<\/p>\n<p>\u201cTenho certeza que esta parceria com o deputado Veneziano Vital s\u00f3 gerar\u00e1 bons frutos para o munic\u00edpio de Sum\u00e9. Afinal, temos compromisso com a coisa p\u00fablica! Aplicamos com zelo e responsabilidade os recursos que conseguimos atrav\u00e9s dos senhores parlamentares, fazendo quest\u00e3o de destacar as a\u00e7\u00f5es dos mesmos em benef\u00edcio da nossa cidade\u201d, finalizou o prefeito \u00c9den Duarte.<\/p>\n<p><strong>CARIRI EM A\u00c7\u00c3O<\/strong><\/p>\n<p>Leia mais not\u00edcias em\u00a0<a style=\"font-style: inherit; font-weight: inherit;\" href=\"http:\/\/www.caririemacao.com\/\">caririemacao.com<\/a>, siga nossa p\u00e1gina no\u00a0<a style=\"font-style: inherit; font-weight: inherit;\" href=\"https:\/\/www.facebook.com\/CaririEmAcao\/?ref=aymt_homepage_panel\">Facebook<\/a>,\u00a0<a style=\"font-style: inherit; font-weight: inherit;\" href=\"https:\/\/www.instagram.com\/cariri_em_acao\/?hl=pt-br\">Instagram<\/a>\u00a0e\u00a0<a style=\"font-style: inherit; font-weight: inherit;\" href=\"https:\/\/www.youtube.com\/channel\/UCAptA0jQuYQy8vMhLt2m4qg\">Youtube<\/a>\u00a0e veja nossas mat\u00e9rias, v\u00eddeos e fotos. Voc\u00ea tamb\u00e9m pode enviar informa\u00e7\u00f5es \u00e0 Reda\u00e7\u00e3o do Portal Cariri em A\u00e7\u00e3o pelo WhatsApp (83) 9 9634.5791, (83) 9 9601-1162.<\/p>\n","protected":false},"excerpt":{"rendered":"<p>Em sua passagem pelo Cariri no \u00faltimo final de semana, o deputado federal e pr\u00e9-candidato ao senado, Veneziano Vital, confirmou a destina\u00e7\u00e3o de recursos para&hellip; <\/p>\n","protected":false},"author":2,"featured_media":59108,"comment_status":"closed","ping_status":"closed","sticky":false,"template":"","format":"standard","meta":{"sfsi_plus_gutenberg_text_before_share":"","sfsi_plus_gutenberg_show_text_before_share":"","sfsi_plus_gutenberg_icon_type":"","sfsi_plus_gutenberg_icon_alignemt":"","sfsi_plus_gutenburg_max_per_row":"","footnotes":""},"categories":[6],"tags":[],"class_list":["post-59106","post","type-post","status-publish","format-standard","has-post-thumbnail","hentry","category-cidades"],"_links":{"self":[{"href":"https:\/\/www.caririemacao.com\/1\/wp-json\/wp\/v2\/posts\/59106","targetHints":{"allow":["GET"]}}],"collection":[{"href":"https:\/\/www.caririemacao.com\/1\/wp-json\/wp\/v2\/posts"}],"about":[{"href":"https:\/\/www.caririemacao.com\/1\/wp-json\/wp\/v2\/types\/post"}],"author":[{"embeddable":true,"href":"https:\/\/www.caririemacao.com\/1\/wp-json\/wp\/v2\/users\/2"}],"replies":[{"embeddable":true,"href":"https:\/\/www.caririemacao.com\/1\/wp-json\/wp\/v2\/comments?post=59106"}],"version-history":[{"count":1,"href":"https:\/\/www.caririemacao.com\/1\/wp-json\/wp\/v2\/posts\/59106\/revisions"}],"predecessor-version":[{"id":59110,"href":"https:\/\/www.caririemacao.com\/1\/wp-json\/wp\/v2\/posts\/59106\/revisions\/59110"}],"wp:featuredmedia":[{"embeddable":true,"href":"https:\/\/www.caririemacao.com\/1\/wp-json\/wp\/v2\/media\/59108"}],"wp:attachment":[{"href":"https:\/\/www.caririemacao.com\/1\/wp-json\/wp\/v2\/media?parent=59106"}],"wp:term":[{"taxonomy":"category","embeddable":true,"href":"https:\/\/www.caririemacao.com\/1\/wp-json\/wp\/v2\/categories?post=59106"},{"taxonomy":"post_tag","embeddable":true,"href":"https:\/\/www.caririemacao.com\/1\/wp-json\/wp\/v2\/tags?post=59106"}],"curies":[{"name":"wp","href":"https:\/\/api.w.org\/{rel}","templated":true}]}}