{"id":59115,"date":"2018-07-31T07:50:35","date_gmt":"2018-07-31T10:50:35","guid":{"rendered":"http:\/\/caririemacao.com\/1\/?p=59115"},"modified":"2018-07-31T07:50:35","modified_gmt":"2018-07-31T10:50:35","slug":"militantes-fazem-greve-de-fome-pela-liberdade-de-lula","status":"publish","type":"post","link":"https:\/\/www.caririemacao.com\/1\/2018\/07\/31\/militantes-fazem-greve-de-fome-pela-liberdade-de-lula\/","title":{"rendered":"Militantes fazem greve de fome pela liberdade de Lula"},"content":{"rendered":"<p><span class=\"news_capital_letter\">M<\/span>ilitantes de movimentos sociais far\u00e3o greve de fome como forma de protesto contra a pris\u00e3o do ex-presidente Luiz In\u00e1cio Lula da Silva (PT). Integrantes de grupos como o Movimento dos Trabalhadores Rurais Sem Terra (MST), Movimento dos Pequenos Agricultores (MPA) e Movimento dos Atingidos por Barragens (MAB) se reuniram na tarde desta segunda-feira (30), em Bras\u00edlia, para an\u00fancio do ato \u00e0 imprensa.<\/p>\n<div class=\"pub-container inside-news\">\n<div class=\"pub-space\">De acordo com o Metr\u00f3poles, a greve de fome ter\u00e1 in\u00edcio nesta ter\u00e7a-feira (31) e acontecer\u00e1 por tempo indeterminado, em frente ao Supremo Tribunal Federal (STF).<\/div>\n<\/div>\n<p>Como explica o dirigente do MST Jaime Amorim, trata-se de um ato extremo para reestabelecer a democracia. \u201cO golpe promovido por setores do Parlamento, do Judici\u00e1rio e at\u00e9 mesmo da m\u00eddia trouxe de volta a mis\u00e9ria para o nosso pa\u00eds. As reformas promovidas s\u00e3o oriundas de um projeto n\u00e3o eleito e ainda querem tirar o direito do povo brasileiro de escolher o seu pr\u00f3prio presidente. Lula \u00e9 um preso pol\u00edtico e qualquer impedimento de sua candidatura se configura como medida autorit\u00e1ria contra a soberania popular\u201d, explicou.<\/p>\n<p><strong>CARIRI EM A\u00c7\u00c3O<\/strong><\/p>\n<p>Com Not\u00edcias ao Minuto\/Foto: Reprodu\u00e7\u00e3o Internet<\/p>\n<p>Leia mais not\u00edcias em\u00a0<a href=\"http:\/\/www.caririemacao.com\/\">caririemacao.com<\/a>, siga nossa p\u00e1gina no\u00a0<a href=\"https:\/\/www.facebook.com\/CaririEmAcao\/?ref=aymt_homepage_panel\">Facebook<\/a>,\u00a0<a href=\"https:\/\/www.instagram.com\/cariri_em_acao\/?hl=pt-br\">Instagram<\/a>\u00a0e <a href=\"https:\/\/www.youtube.com\/channel\/UCAptA0jQuYQy8vMhLt2m4qg\">Youtube<\/a>\u00a0e veja nossas mat\u00e9rias, v\u00eddeos e fotos. Voc\u00ea tamb\u00e9m pode enviar informa\u00e7\u00f5es \u00e0 Reda\u00e7\u00e3o do Portal Cariri em A\u00e7\u00e3o pelo WhatsApp (83) 9 9634.5791, (83) 9 9601-1162.<\/p>\n","protected":false},"excerpt":{"rendered":"<p>Militantes de movimentos sociais far\u00e3o greve de fome como forma de protesto contra a pris\u00e3o do ex-presidente Luiz In\u00e1cio Lula da Silva (PT). Integrantes de&hellip; <\/p>\n","protected":false},"author":1,"featured_media":59116,"comment_status":"closed","ping_status":"closed","sticky":false,"template":"","format":"standard","meta":{"sfsi_plus_gutenberg_text_before_share":"","sfsi_plus_gutenberg_show_text_before_share":"","sfsi_plus_gutenberg_icon_type":"","sfsi_plus_gutenberg_icon_alignemt":"","sfsi_plus_gutenburg_max_per_row":"","footnotes":""},"categories":[2],"tags":[],"class_list":["post-59115","post","type-post","status-publish","format-standard","has-post-thumbnail","hentry","category-geral"],"_links":{"self":[{"href":"https:\/\/www.caririemacao.com\/1\/wp-json\/wp\/v2\/posts\/59115","targetHints":{"allow":["GET"]}}],"collection":[{"href":"https:\/\/www.caririemacao.com\/1\/wp-json\/wp\/v2\/posts"}],"about":[{"href":"https:\/\/www.caririemacao.com\/1\/wp-json\/wp\/v2\/types\/post"}],"author":[{"embeddable":true,"href":"https:\/\/www.caririemacao.com\/1\/wp-json\/wp\/v2\/users\/1"}],"replies":[{"embeddable":true,"href":"https:\/\/www.caririemacao.com\/1\/wp-json\/wp\/v2\/comments?post=59115"}],"version-history":[{"count":1,"href":"https:\/\/www.caririemacao.com\/1\/wp-json\/wp\/v2\/posts\/59115\/revisions"}],"predecessor-version":[{"id":59117,"href":"https:\/\/www.caririemacao.com\/1\/wp-json\/wp\/v2\/posts\/59115\/revisions\/59117"}],"wp:featuredmedia":[{"embeddable":true,"href":"https:\/\/www.caririemacao.com\/1\/wp-json\/wp\/v2\/media\/59116"}],"wp:attachment":[{"href":"https:\/\/www.caririemacao.com\/1\/wp-json\/wp\/v2\/media?parent=59115"}],"wp:term":[{"taxonomy":"category","embeddable":true,"href":"https:\/\/www.caririemacao.com\/1\/wp-json\/wp\/v2\/categories?post=59115"},{"taxonomy":"post_tag","embeddable":true,"href":"https:\/\/www.caririemacao.com\/1\/wp-json\/wp\/v2\/tags?post=59115"}],"curies":[{"name":"wp","href":"https:\/\/api.w.org\/{rel}","templated":true}]}}