{"id":59118,"date":"2018-07-31T08:14:58","date_gmt":"2018-07-31T11:14:58","guid":{"rendered":"http:\/\/caririemacao.com\/1\/?p=59118"},"modified":"2018-07-31T08:14:58","modified_gmt":"2018-07-31T11:14:58","slug":"imigrantes-sao-os-novos-escravos-diz-presidente-da-italia","status":"publish","type":"post","link":"https:\/\/www.caririemacao.com\/1\/2018\/07\/31\/imigrantes-sao-os-novos-escravos-diz-presidente-da-italia\/","title":{"rendered":"Imigrantes s\u00e3o os novos escravos, diz presidente da It\u00e1lia"},"content":{"rendered":"<p><span class=\"news_capital_letter\">E<\/span>m meio \u00e0s tens\u00f5es por conta da crise migrat\u00f3ria na It\u00e1lia, o presidente Sergio Mattarella afirmou nesta segunda-feira (30) que a chegada em massa de imigrantes \u00e9 um terreno f\u00e9rtil &#8220;para as novas formas de escravid\u00e3o&#8221;.<\/p>\n<div class=\"pub-container inside-news\">\n<div class=\"pub-space\">A declara\u00e7\u00e3o foi dada por ocasi\u00e3o do Dia Internacional contra o Tr\u00e1fico de Seres Humanos, um fen\u00f4meno que passou a fazer parte da realidade italiana com as intermin\u00e1veis &#8220;viagens da morte&#8221; que levam refugiados e migrantes for\u00e7ados em barcos superlotados pelo Mediterr\u00e2neo.<\/div>\n<\/div>\n<p>&#8220;A escravid\u00e3o representou uma das maiores vergonhas da humanidade. Hoje, Dia Mundial do Tr\u00e1fico de Seres Humanos, nos imp\u00f5e reiterar a condena\u00e7\u00e3o e a batalha da comunidade internacional contra qualquer forma de escravid\u00e3o, velha e nova&#8221;, disse Mattarella.<\/p>\n<p>O presidente citou dados da Organiza\u00e7\u00e3o Internacional do Trabalho (OIT) que mostram que h\u00e1 cerca de 40 milh\u00f5es de escravos no mundo, sendo 25 milh\u00f5es submetidos a trabalho for\u00e7ado, e 15 milh\u00f5es, a formas de casamento for\u00e7ado.<\/p>\n<p>&#8220;Trata-se da degenera\u00e7\u00e3o de nossa sociedade, pragas a serem erradicadas com firmeza e que nos chamam a uma rea\u00e7\u00e3o moral, a uma resposta adequada e a um maior empenho cultural e civil. Um terreno f\u00e9rtil para essas novas formas de escravid\u00e3o \u00e9 o fen\u00f4meno migrat\u00f3rio&#8221;, acrescentou.<\/p>\n<p>Segundo Mattarella, todos os dias &#8220;milhares de pessoas arriscam suas vidas e as de seus entes queridos no mar e na terra, em condi\u00e7\u00f5es desesperadas&#8221;. &#8220;\u00c9 uma trag\u00e9dia filha das guerras, da pobreza, da instabilidade do desenvolvimento prec\u00e1rio, alimentada por ign\u00f3beis traficantes de seres humanos&#8221;, ressaltou, cobrando coopera\u00e7\u00e3o para combater esse fen\u00f4meno.<\/p>\n<p><strong>CARIRI EM A\u00c7\u00c3O<\/strong><\/p>\n<p>Com ANSA \/Foto: Reprodu\u00e7\u00e3o Internet<\/p>\n<p>Leia mais not\u00edcias em\u00a0<a href=\"http:\/\/www.caririemacao.com\/\">caririemacao.com<\/a>, siga nossa p\u00e1gina no\u00a0<a href=\"https:\/\/www.facebook.com\/CaririEmAcao\/?ref=aymt_homepage_panel\">Facebook<\/a>,\u00a0<a href=\"https:\/\/www.instagram.com\/cariri_em_acao\/?hl=pt-br\">Instagram<\/a>\u00a0e <a href=\"https:\/\/www.youtube.com\/channel\/UCAptA0jQuYQy8vMhLt2m4qg\">Youtube<\/a>\u00a0e veja nossas mat\u00e9rias, v\u00eddeos e fotos. Voc\u00ea tamb\u00e9m pode enviar informa\u00e7\u00f5es \u00e0 Reda\u00e7\u00e3o do Portal Cariri em A\u00e7\u00e3o pelo WhatsApp (83) 9 9634.5791, (83) 9 9601-1162.<\/p>\n","protected":false},"excerpt":{"rendered":"<p>Em meio \u00e0s tens\u00f5es por conta da crise migrat\u00f3ria na It\u00e1lia, o presidente Sergio Mattarella afirmou nesta segunda-feira (30) que a chegada em massa de&hellip; <\/p>\n","protected":false},"author":1,"featured_media":59119,"comment_status":"closed","ping_status":"closed","sticky":false,"template":"","format":"standard","meta":{"sfsi_plus_gutenberg_text_before_share":"","sfsi_plus_gutenberg_show_text_before_share":"","sfsi_plus_gutenberg_icon_type":"","sfsi_plus_gutenberg_icon_alignemt":"","sfsi_plus_gutenburg_max_per_row":"","footnotes":""},"categories":[2],"tags":[],"class_list":["post-59118","post","type-post","status-publish","format-standard","has-post-thumbnail","hentry","category-geral"],"_links":{"self":[{"href":"https:\/\/www.caririemacao.com\/1\/wp-json\/wp\/v2\/posts\/59118","targetHints":{"allow":["GET"]}}],"collection":[{"href":"https:\/\/www.caririemacao.com\/1\/wp-json\/wp\/v2\/posts"}],"about":[{"href":"https:\/\/www.caririemacao.com\/1\/wp-json\/wp\/v2\/types\/post"}],"author":[{"embeddable":true,"href":"https:\/\/www.caririemacao.com\/1\/wp-json\/wp\/v2\/users\/1"}],"replies":[{"embeddable":true,"href":"https:\/\/www.caririemacao.com\/1\/wp-json\/wp\/v2\/comments?post=59118"}],"version-history":[{"count":1,"href":"https:\/\/www.caririemacao.com\/1\/wp-json\/wp\/v2\/posts\/59118\/revisions"}],"predecessor-version":[{"id":59120,"href":"https:\/\/www.caririemacao.com\/1\/wp-json\/wp\/v2\/posts\/59118\/revisions\/59120"}],"wp:featuredmedia":[{"embeddable":true,"href":"https:\/\/www.caririemacao.com\/1\/wp-json\/wp\/v2\/media\/59119"}],"wp:attachment":[{"href":"https:\/\/www.caririemacao.com\/1\/wp-json\/wp\/v2\/media?parent=59118"}],"wp:term":[{"taxonomy":"category","embeddable":true,"href":"https:\/\/www.caririemacao.com\/1\/wp-json\/wp\/v2\/categories?post=59118"},{"taxonomy":"post_tag","embeddable":true,"href":"https:\/\/www.caririemacao.com\/1\/wp-json\/wp\/v2\/tags?post=59118"}],"curies":[{"name":"wp","href":"https:\/\/api.w.org\/{rel}","templated":true}]}}