{"id":59121,"date":"2018-07-31T08:21:17","date_gmt":"2018-07-31T11:21:17","guid":{"rendered":"http:\/\/caririemacao.com\/1\/?p=59121"},"modified":"2018-07-31T08:21:17","modified_gmt":"2018-07-31T11:21:17","slug":"psb-da-paraiba-declara-apoio-a-lula-e-cobra-que-executiva-nacional-indique-vice","status":"publish","type":"post","link":"https:\/\/www.caririemacao.com\/1\/2018\/07\/31\/psb-da-paraiba-declara-apoio-a-lula-e-cobra-que-executiva-nacional-indique-vice\/","title":{"rendered":"PSB da Para\u00edba declara apoio a Lula e cobra que Executiva Nacional indique vice"},"content":{"rendered":"<p>O Partido Socialista Brasileiro (PSB), na Para\u00edba, esteve reunido nesta segunda-feira (30) e por unanimidade, decidiu que vai apoiar \u00e0 candidatura de Lula e cobra da Executiva Nacional \u00e0 indica\u00e7\u00e3o do vice, na chapa do petista.<\/p>\n<p>Confira as delibera\u00e7\u00f5es do partido:<\/p>\n<p>1 \u2013\u00a0 Que a Dire\u00e7\u00e3o Nacional do PSB, em conven\u00e7\u00e3o a ser realizada no pr\u00f3ximo domingo (5), assegure apoio partid\u00e1rio \u00e0 candidatura do companheiro Luiz In\u00e1cio Lula da Silva \u00e0 presid\u00eancia da Rep\u00fablica nas elei\u00e7\u00f5es deste ano, em respeito \u00e0 Democracia e, principalmente, em nome da esperan\u00e7a no restabelecimento das garantias sociais, t\u00e3o duramente atacadas neste Pa\u00eds, durante o atual e ileg\u00edtimo governo, bem como da recupera\u00e7\u00e3o da economia com a supera\u00e7\u00e3o das desigualdades;<\/p>\n<p>2 \u2013 Que o Partido, em n\u00edvel nacional, reforce a constru\u00e7\u00e3o desse di\u00e1logo indicando um nome dentre os integrantes de seu quadro \u00e0 vaga de vice-presidente da Rep\u00fablica na chapa a ser encabe\u00e7ada por Lula.<\/p>\n<p>Entendemos que este \u00e9 um momento crucial na hist\u00f3ria recente do Brasil. A partir dele, devemos projetar qual a dire\u00e7\u00e3o a ser tomada na bifurca\u00e7\u00e3o em que o pa\u00eds se encontra hoje, e diante da qual o PSB n\u00e3o pode se omitir, tendo a responsabilidade c\u00edvica de adotar uma postura firme e coerente que aponte claramente o caminho a ser seguido.<\/p>\n<p>O dia 8 de julho passado produziu (mais) uma cena lament\u00e1vel do completo desmonte do Estado Democr\u00e1tico de Direito em que o Brasil passou a experimentar sistematicamente desde que aqueles que perderam as elei\u00e7\u00f5es de 2014 resolveram atentar contra \u00e0 escolha popular. Um juiz de primeira inst\u00e2ncia, sob a anu\u00eancia de parte dos sistemas nacionais de comunica\u00e7\u00e3o de massa, em pleno abuso de autoridade, resolve confrontar publicamente a decis\u00e3o de um desembargador de inst\u00e2ncia superior, deixando mais do que evidente que n\u00e3o h\u00e1 nem haver\u00e1 limites na manuten\u00e7\u00e3o da nova velha ordem que se estabeleceu no Brasil, onde s\u00f3 h\u00e1 espa\u00e7o para abusos e viol\u00eancias anti-democr\u00e1ticas, e, pior, onde a justi\u00e7a tem sido seletiva em diversos procedimentos. Reerguer os pilares do Estado Democr\u00e1tico de Direito \u00e9 uma tarefa de todos os setores comprometidos com a democracia no Brasil.<\/p>\n<p>O PSB deve encampar, mais que nunca, a bandeira das elei\u00e7\u00f5es livres e limpas para fornecer ao Brasil a legitimidade essencial para retirar o Pa\u00eds dessa crise sem precedentes na nossa hist\u00f3ria. A defesa intransigente do Estado Democr\u00e1tico sempre foi o pilar de sustenta\u00e7\u00e3o do PSB ao longo de sua hist\u00f3ria.<\/p>\n<p>Resgatar essa bandeira \u00e9 a tarefa mais significativa nessa conjuntura e fazer parte da chapa presidencial encabe\u00e7ada pelo melhor Presidente e maior lideran\u00e7a do campo popular que o Brasil j\u00e1 teve, dar\u00e1 ao nosso Partido uma dimens\u00e3o coerente com a sua hist\u00f3ria.<\/p>\n<p>A MELHOR alian\u00e7a do PSB \u00e9 com Lula e com o Povo brasileiro, levando-nos a estar presente na chapa que melhor representa o campo democr\u00e1tico-popular no Brasil.<\/p>\n<p>N\u00e3o permitamos silentes que o Brasil n\u00e3o tenha futuro. Renovemos nossas esperan\u00e7as. N\u00e3o vamos desistir do Brasil e do seu Povo.<\/p>\n<p>Dire\u00e7\u00e3o Estadual do PSB \u2013 Para\u00edba<\/p>\n<p><strong>CARIRI EM A\u00c7\u00c3O<\/strong><\/p>\n<p>Com Bruno Lira\/Foto: Reprodu\u00e7\u00e3o Internet<\/p>\n<p>Leia mais not\u00edcias em\u00a0<a href=\"http:\/\/www.caririemacao.com\/\">caririemacao.com<\/a>, siga nossa p\u00e1gina no\u00a0<a href=\"https:\/\/www.facebook.com\/CaririEmAcao\/?ref=aymt_homepage_panel\">Facebook<\/a>,\u00a0<a href=\"https:\/\/www.instagram.com\/cariri_em_acao\/?hl=pt-br\">Instagram<\/a>\u00a0e <a href=\"https:\/\/www.youtube.com\/channel\/UCAptA0jQuYQy8vMhLt2m4qg\">Youtube<\/a>\u00a0e veja nossas mat\u00e9rias, v\u00eddeos e fotos. Voc\u00ea tamb\u00e9m pode enviar informa\u00e7\u00f5es \u00e0 Reda\u00e7\u00e3o do Portal Cariri em A\u00e7\u00e3o pelo WhatsApp (83) 9 9634.5791, (83) 9 9601-1162.<\/p>\n","protected":false},"excerpt":{"rendered":"<p>O Partido Socialista Brasileiro (PSB), na Para\u00edba, esteve reunido nesta segunda-feira (30) e por unanimidade, decidiu que vai apoiar \u00e0 candidatura de Lula e cobra&hellip; <\/p>\n","protected":false},"author":1,"featured_media":47067,"comment_status":"closed","ping_status":"closed","sticky":false,"template":"","format":"standard","meta":{"sfsi_plus_gutenberg_text_before_share":"","sfsi_plus_gutenberg_show_text_before_share":"","sfsi_plus_gutenberg_icon_type":"","sfsi_plus_gutenberg_icon_alignemt":"","sfsi_plus_gutenburg_max_per_row":"","footnotes":""},"categories":[11],"tags":[],"class_list":["post-59121","post","type-post","status-publish","format-standard","has-post-thumbnail","hentry","category-politica"],"_links":{"self":[{"href":"https:\/\/www.caririemacao.com\/1\/wp-json\/wp\/v2\/posts\/59121","targetHints":{"allow":["GET"]}}],"collection":[{"href":"https:\/\/www.caririemacao.com\/1\/wp-json\/wp\/v2\/posts"}],"about":[{"href":"https:\/\/www.caririemacao.com\/1\/wp-json\/wp\/v2\/types\/post"}],"author":[{"embeddable":true,"href":"https:\/\/www.caririemacao.com\/1\/wp-json\/wp\/v2\/users\/1"}],"replies":[{"embeddable":true,"href":"https:\/\/www.caririemacao.com\/1\/wp-json\/wp\/v2\/comments?post=59121"}],"version-history":[{"count":1,"href":"https:\/\/www.caririemacao.com\/1\/wp-json\/wp\/v2\/posts\/59121\/revisions"}],"predecessor-version":[{"id":59122,"href":"https:\/\/www.caririemacao.com\/1\/wp-json\/wp\/v2\/posts\/59121\/revisions\/59122"}],"wp:featuredmedia":[{"embeddable":true,"href":"https:\/\/www.caririemacao.com\/1\/wp-json\/wp\/v2\/media\/47067"}],"wp:attachment":[{"href":"https:\/\/www.caririemacao.com\/1\/wp-json\/wp\/v2\/media?parent=59121"}],"wp:term":[{"taxonomy":"category","embeddable":true,"href":"https:\/\/www.caririemacao.com\/1\/wp-json\/wp\/v2\/categories?post=59121"},{"taxonomy":"post_tag","embeddable":true,"href":"https:\/\/www.caririemacao.com\/1\/wp-json\/wp\/v2\/tags?post=59121"}],"curies":[{"name":"wp","href":"https:\/\/api.w.org\/{rel}","templated":true}]}}