{"id":59125,"date":"2018-07-31T08:32:40","date_gmt":"2018-07-31T11:32:40","guid":{"rendered":"http:\/\/caririemacao.com\/1\/?p=59125"},"modified":"2018-07-31T08:44:08","modified_gmt":"2018-07-31T11:44:08","slug":"1a-feira-de-empregabilidade-e-empreendedorismo-pronatec-sera-realizada-dia-03-em-monteiro","status":"publish","type":"post","link":"https:\/\/www.caririemacao.com\/1\/2018\/07\/31\/1a-feira-de-empregabilidade-e-empreendedorismo-pronatec-sera-realizada-dia-03-em-monteiro\/","title":{"rendered":"1\u00aa Feira de Empregabilidade e Empreendedorismo Pronatec ser\u00e1 realizada dia 03 em Monteiro"},"content":{"rendered":"<p>A cidade de Monteiro sedia nesta pr\u00f3xima sexta-feira, dia 03 de agosto, a partir das 17:00h, a 1\u00b0 Feira de Empregabilidade e Empreendedorismo Pronatec.<\/p>\n<p>O evento que acontecer\u00e1 no Clube Municipal de Monteiro e est\u00e1 sendo promovido pelos alunos do curso de organizador (a) de Eventos do Pronatec, com a coordena\u00e7\u00e3o da professora Leylane Campos.<\/p>\n<p>Al\u00e9m de proporcionar aos alunos de Eventos a viv\u00eancia pr\u00e1tica das teorias aprendidas em sala de aula, a Feira pretende apresentar para a comunidade as oportunidades de forma\u00e7\u00e3o profissional oferecidas pelo Pronatec, assim como tamb\u00e9m, divulgar as empresas que surgiram no curso de Micro Empreendedor Individual sob a orienta\u00e7\u00e3o do Professor Jonathan Oriente.<\/p>\n<p>Segundo a aluna Andreza Lima, integrante da organiza\u00e7\u00e3o, o evento contar\u00e1 com muitas novidades, principalmente para aqueles que ainda t\u00eam dificuldade em elaborar um bom curr\u00edculo, a feira tamb\u00e9m ir\u00e1 proporcionar uma consultoria gratuita com o apoio do professor de Recursos Humanos, Thiago Belinho.<\/p>\n<p>Lembrando que o evento tamb\u00e9m ter\u00e1 a participa\u00e7\u00e3o da psicopedagoga, coach e palestrante motivacional, Patr\u00edcia Barros, que ministrar\u00e1 uma palestra sobre os desafios e as oportunidades que o empreendedorismo oferece em tempos de crise econ\u00f4mica.<\/p>\n<p>O evento tamb\u00e9m ter\u00e1 sorteio de brindes, desfile e show com o cantor Luan Santos e os Patr\u00f5es do Forr\u00f3.<\/p>\n<p><strong>CARIRI EM A\u00c7\u00c3O<\/strong><\/p>\n<p>Leia mais not\u00edcias em\u00a0<a style=\"font-style: inherit; font-weight: inherit;\" href=\"http:\/\/www.caririemacao.com\/\">caririemacao.com<\/a>, siga nossa p\u00e1gina no\u00a0<a style=\"font-style: inherit; font-weight: inherit;\" href=\"https:\/\/www.facebook.com\/CaririEmAcao\/?ref=aymt_homepage_panel\">Facebook<\/a>,\u00a0<a style=\"font-style: inherit; font-weight: inherit;\" href=\"https:\/\/www.instagram.com\/cariri_em_acao\/?hl=pt-br\">Instagram<\/a>\u00a0e\u00a0<a style=\"font-style: inherit; font-weight: inherit;\" href=\"https:\/\/www.youtube.com\/channel\/UCAptA0jQuYQy8vMhLt2m4qg\">Youtube<\/a>\u00a0e veja nossas mat\u00e9rias, v\u00eddeos e fotos. Voc\u00ea tamb\u00e9m pode enviar informa\u00e7\u00f5es \u00e0 Reda\u00e7\u00e3o do Portal Cariri em A\u00e7\u00e3o pelo WhatsApp (83) 9 9634.5791, (83) 9 9601-1162.<\/p>\n","protected":false},"excerpt":{"rendered":"<p>A cidade de Monteiro sedia nesta pr\u00f3xima sexta-feira, dia 03 de agosto, a partir das 17:00h, a 1\u00b0 Feira de Empregabilidade e Empreendedorismo Pronatec. O&hellip; <\/p>\n","protected":false},"author":2,"featured_media":59127,"comment_status":"closed","ping_status":"closed","sticky":false,"template":"","format":"standard","meta":{"sfsi_plus_gutenberg_text_before_share":"","sfsi_plus_gutenberg_show_text_before_share":"","sfsi_plus_gutenberg_icon_type":"","sfsi_plus_gutenberg_icon_alignemt":"","sfsi_plus_gutenburg_max_per_row":"","footnotes":""},"categories":[6],"tags":[],"class_list":["post-59125","post","type-post","status-publish","format-standard","has-post-thumbnail","hentry","category-cidades"],"_links":{"self":[{"href":"https:\/\/www.caririemacao.com\/1\/wp-json\/wp\/v2\/posts\/59125","targetHints":{"allow":["GET"]}}],"collection":[{"href":"https:\/\/www.caririemacao.com\/1\/wp-json\/wp\/v2\/posts"}],"about":[{"href":"https:\/\/www.caririemacao.com\/1\/wp-json\/wp\/v2\/types\/post"}],"author":[{"embeddable":true,"href":"https:\/\/www.caririemacao.com\/1\/wp-json\/wp\/v2\/users\/2"}],"replies":[{"embeddable":true,"href":"https:\/\/www.caririemacao.com\/1\/wp-json\/wp\/v2\/comments?post=59125"}],"version-history":[{"count":2,"href":"https:\/\/www.caririemacao.com\/1\/wp-json\/wp\/v2\/posts\/59125\/revisions"}],"predecessor-version":[{"id":59139,"href":"https:\/\/www.caririemacao.com\/1\/wp-json\/wp\/v2\/posts\/59125\/revisions\/59139"}],"wp:featuredmedia":[{"embeddable":true,"href":"https:\/\/www.caririemacao.com\/1\/wp-json\/wp\/v2\/media\/59127"}],"wp:attachment":[{"href":"https:\/\/www.caririemacao.com\/1\/wp-json\/wp\/v2\/media?parent=59125"}],"wp:term":[{"taxonomy":"category","embeddable":true,"href":"https:\/\/www.caririemacao.com\/1\/wp-json\/wp\/v2\/categories?post=59125"},{"taxonomy":"post_tag","embeddable":true,"href":"https:\/\/www.caririemacao.com\/1\/wp-json\/wp\/v2\/tags?post=59125"}],"curies":[{"name":"wp","href":"https:\/\/api.w.org\/{rel}","templated":true}]}}