{"id":59126,"date":"2018-07-31T08:36:26","date_gmt":"2018-07-31T11:36:26","guid":{"rendered":"http:\/\/caririemacao.com\/1\/?p=59126"},"modified":"2018-07-31T08:36:26","modified_gmt":"2018-07-31T11:36:26","slug":"ligia-feliciano-mantem-pre-candidatura-ao-governo-e-anuncia-convencao-para-asplan","status":"publish","type":"post","link":"https:\/\/www.caririemacao.com\/1\/2018\/07\/31\/ligia-feliciano-mantem-pre-candidatura-ao-governo-e-anuncia-convencao-para-asplan\/","title":{"rendered":"L\u00edgia Feliciano mant\u00e9m pr\u00e9-candidatura ao governo e anuncia conven\u00e7\u00e3o para Asplan"},"content":{"rendered":"<p>Com o slogan \u201cAqui \u00e9 Trabalho e Cora\u00e7\u00e3o\u201d, a vice-governadora L\u00edgia Feliciano (PDT) disse, nesta segunda-feira (30), que sua pr\u00e9-candidatura ao Pal\u00e1cio da Reden\u00e7\u00e3o est\u00e1 mantida e anunciou para o pr\u00f3ximo domingo (5) a conven\u00e7\u00e3o estadual do partido.<\/p>\n<p>Os pedetistas v\u00e3o se reunir, a partir das 10 horas, no audit\u00f3rio da Asplan, em Jo\u00e3o Pessoa. \u201cVamos fazer uma grande conven\u00e7\u00e3o com a presen\u00e7a de lideran\u00e7as de toda a Para\u00edba e representantes da dire\u00e7\u00e3o nacional do PDT para homologar as candidaturas do partido\u201d, adiantou L\u00edgia, ap\u00f3s se reunir com a dire\u00e7\u00e3o da legenda nesta segunda.<\/p>\n<p>Em busca de apoio, L\u00edgia Feliciano ressaltou que vai intensificar durante esta semana as articula\u00e7\u00f5es pol\u00edticas e agendou conversas com dirigentes do PT, PC do B e PSC e outras agremia\u00e7\u00f5es pol\u00edticas da Para\u00edba. Ela n\u00e3o confirmou que ser\u00e1 candidata a senadora na chapa encabe\u00e7ada por Jo\u00e3o Maranh\u00e3o (MDB), que tamb\u00e9m concorre ao Pal\u00e1cio da Reden\u00e7\u00e3o.<\/p>\n<h4>No Cariri e Sap\u00e9<\/h4>\n<p>L\u00edgia Feliciano disse que teve agenda intensa, no \u00faltimo final de semana, com a participa\u00e7\u00e3o em um encontro religioso em Jo\u00e3o Pessoa. Depois, visitou participou ao lado do deputado Dami\u00e3o Feliciano (PDT) da Festa de Santana, no munic\u00edpio do Congo, no Cariri da Para\u00edba. Eles foram recebidos pelo prefeito J\u00fanior Quirino<\/p>\n<p>A pr\u00e9-candidata tamb\u00e9m de reuniu com agricultores, em Sap\u00e9, na Zona da Mata paraibana. Dirigiu um trator e conversou com homens e mulheres do campo que vivem da agricultura de subsist\u00eancia, mas que sem incentivo pensam em desistir da cultura tradicional.<\/p>\n<p>\u201cO homem que vive no campo, que planta, cultiva, quer permanecer no campo, gosta da vida que leva. Ele merece mais aten\u00e7\u00e3o. O estado tem que proporcionar melhorias, elas est\u00e3o no meu plano de governo, que est\u00e1 sendo constru\u00eddo. Vamos capacitar, criando c\u00e2maras t\u00e9cnicas que proporcionar\u00e1 consultorias aos pequenos agricultores, vamos distribuir kits de irriga\u00e7\u00e3o, para impulsionar o cultivo de subsist\u00eancia\u201d.<\/p>\n<p>A pr\u00e9-candidata ainda afirmou que est\u00e1 sendo elaborando um plano de desenvolvimento econ\u00f4mico estadual. \u201c Sem incentivos ao homem do campo, ele sair\u00e1 do campo. Vamos investir ainda mais no consumo dos produtos cultivados na Para\u00edba, como o queijo de cabra, de Tapero\u00e1, o arroz vermelho e negro, no Vale do Pianc\u00f3, e tantos outros cultivos\u201d, complementou.<\/p>\n<p>Com estas medidas, L\u00edgia pretende conter o \u00eaxodo rural, por falta de oportunidades, e evitar a migra\u00e7\u00e3o das pessoas do campo para as periferias dos grandes centros.<\/p>\n<p><strong>CARIRI EM A\u00c7\u00c3O<\/strong><\/p>\n<p>Com Jornal da Para\u00edba \/Foto:Divulga\u00e7\u00e3o<\/p>\n<p>Leia mais not\u00edcias em\u00a0<a href=\"http:\/\/www.caririemacao.com\/\">caririemacao.com<\/a>, siga nossa p\u00e1gina no\u00a0<a href=\"https:\/\/www.facebook.com\/CaririEmAcao\/?ref=aymt_homepage_panel\">Facebook<\/a>,\u00a0<a href=\"https:\/\/www.instagram.com\/cariri_em_acao\/?hl=pt-br\">Instagram<\/a>\u00a0e <a href=\"https:\/\/www.youtube.com\/channel\/UCAptA0jQuYQy8vMhLt2m4qg\">Youtube<\/a>\u00a0e veja nossas mat\u00e9rias, v\u00eddeos e fotos. Voc\u00ea tamb\u00e9m pode enviar informa\u00e7\u00f5es \u00e0 Reda\u00e7\u00e3o do Portal Cariri em A\u00e7\u00e3o pelo WhatsApp (83) 9 9634.5791, (83) 9 9601-1162.<\/p>\n","protected":false},"excerpt":{"rendered":"<p>Com o slogan \u201cAqui \u00e9 Trabalho e Cora\u00e7\u00e3o\u201d, a vice-governadora L\u00edgia Feliciano (PDT) disse, nesta segunda-feira (30), que sua pr\u00e9-candidatura ao Pal\u00e1cio da Reden\u00e7\u00e3o est\u00e1&hellip; <\/p>\n","protected":false},"author":1,"featured_media":59129,"comment_status":"closed","ping_status":"closed","sticky":false,"template":"","format":"standard","meta":{"sfsi_plus_gutenberg_text_before_share":"","sfsi_plus_gutenberg_show_text_before_share":"","sfsi_plus_gutenberg_icon_type":"","sfsi_plus_gutenberg_icon_alignemt":"","sfsi_plus_gutenburg_max_per_row":"","footnotes":""},"categories":[1],"tags":[],"class_list":["post-59126","post","type-post","status-publish","format-standard","has-post-thumbnail","hentry","category-o-site"],"_links":{"self":[{"href":"https:\/\/www.caririemacao.com\/1\/wp-json\/wp\/v2\/posts\/59126","targetHints":{"allow":["GET"]}}],"collection":[{"href":"https:\/\/www.caririemacao.com\/1\/wp-json\/wp\/v2\/posts"}],"about":[{"href":"https:\/\/www.caririemacao.com\/1\/wp-json\/wp\/v2\/types\/post"}],"author":[{"embeddable":true,"href":"https:\/\/www.caririemacao.com\/1\/wp-json\/wp\/v2\/users\/1"}],"replies":[{"embeddable":true,"href":"https:\/\/www.caririemacao.com\/1\/wp-json\/wp\/v2\/comments?post=59126"}],"version-history":[{"count":1,"href":"https:\/\/www.caririemacao.com\/1\/wp-json\/wp\/v2\/posts\/59126\/revisions"}],"predecessor-version":[{"id":59130,"href":"https:\/\/www.caririemacao.com\/1\/wp-json\/wp\/v2\/posts\/59126\/revisions\/59130"}],"wp:featuredmedia":[{"embeddable":true,"href":"https:\/\/www.caririemacao.com\/1\/wp-json\/wp\/v2\/media\/59129"}],"wp:attachment":[{"href":"https:\/\/www.caririemacao.com\/1\/wp-json\/wp\/v2\/media?parent=59126"}],"wp:term":[{"taxonomy":"category","embeddable":true,"href":"https:\/\/www.caririemacao.com\/1\/wp-json\/wp\/v2\/categories?post=59126"},{"taxonomy":"post_tag","embeddable":true,"href":"https:\/\/www.caririemacao.com\/1\/wp-json\/wp\/v2\/tags?post=59126"}],"curies":[{"name":"wp","href":"https:\/\/api.w.org\/{rel}","templated":true}]}}