{"id":59131,"date":"2018-07-31T08:48:21","date_gmt":"2018-07-31T11:48:21","guid":{"rendered":"http:\/\/caririemacao.com\/1\/?p=59131"},"modified":"2018-07-31T08:48:21","modified_gmt":"2018-07-31T11:48:21","slug":"manoel-junior-continua-fazendo-misterio-sobre-chapa-ao-senado","status":"publish","type":"post","link":"https:\/\/www.caririemacao.com\/1\/2018\/07\/31\/manoel-junior-continua-fazendo-misterio-sobre-chapa-ao-senado\/","title":{"rendered":"Manoel J\u00fanior continua fazendo mist\u00e9rio sobre chapa ao Senado"},"content":{"rendered":"<p>Vice-prefeito de Jo\u00e3o Pessoa e pr\u00e9-candidato ao Senado, o ex-deputado Manoel J\u00fanior (PSC) segue mantendo o mist\u00e9rio sobre a chapa com quem vai se alinhar e na qual ir\u00e1 figurar como candidato ao Senado. Ele revelou, ontem, que se a decis\u00e3o dependesse exclusivamente da sua vontade j\u00e1 teria sido oficializada, mas lembrou que ela passa pela c\u00fapula estadual do partido, presidido pelo deputado federal Marcondes Gadelha.<\/p>\n<p>A \u00fanica defini\u00e7\u00e3o que vazou da parte de Manoel J\u00fanior foi a de que ele continua dialogando no campo das oposi\u00e7\u00f5es ao esquema do governador Ricardo Coutinho (PSB). \u201cCom quem iremos marchar, at\u00e9 domingo iremos definir. Se houver outra defini\u00e7\u00e3o por parte do PSC em termos de alian\u00e7a com outro partido ser\u00e1 dentro do campo oposicionista, e mesmo que eu saia com Jos\u00e9 Maranh\u00e3o (pr\u00e9-candidato ao governo pelo MDB), continuo sendo vice-prefeito de Jo\u00e3o Pessoa\u201d, disse, numa entrevista a uma emissora de r\u00e1dio. Manoel J\u00fanior estava filiado ao MDB mas decidiu migrar para o PSC para se tornar mais confort\u00e1vel. Sua expectativa era a de vir a assumir a titularidade da prefeitura com uma eventual ren\u00fancia de Luciano Cartaxo para concorrer ao governo. Mas foi surpreendido com a atitude de Cartaxo de permanecer no cargo e lan\u00e7ar seu irm\u00e3o g\u00eameo, Luc\u00e9lio, como postulante, ambos j\u00e1 agora no Partido Verde.<\/p>\n<p>Manoel J\u00fanior desmentiu problemas na rela\u00e7\u00e3o com o prefeito Luciano Cartaxo, com Luc\u00e9lio e com o senador C\u00e1ssio Cunha Lima, do PSDB. Disse que em nenhum momento se sentiu preterido pela chapa verde e salientou que o PSC de Marcondes Gadelha tem interagido com diversos partidos e se encontra na imin\u00eancia de definir um posicionamento. Manoel J\u00fanior recha\u00e7ou insinua\u00e7\u00f5es de desconforto dentro do PSC, salientando que se sente entre amigos que, dentro da pol\u00edtica, estiveram sempre no mesmo campo que o dele. J\u00e1 o pr\u00e9-candidato do MDB, Jos\u00e9 Maranh\u00e3o, explicou que as conversas continuam sendo mantidas com lideran\u00e7as que podem se unir ao projeto que ele representa e que nenhuma legenda est\u00e1 descartada no arco dos entendimentos pol\u00edticos.<\/p>\n<p><strong>CARIRI EM A\u00c7\u00c3O<\/strong><\/p>\n<p>Com Os\u00a0Guedes \/Foto: Reprodu\u00e7\u00e3o Internet<\/p>\n<p>Leia mais not\u00edcias em\u00a0<a href=\"http:\/\/www.caririemacao.com\/\">caririemacao.com<\/a>, siga nossa p\u00e1gina no\u00a0<a href=\"https:\/\/www.facebook.com\/CaririEmAcao\/?ref=aymt_homepage_panel\">Facebook<\/a>,\u00a0<a href=\"https:\/\/www.instagram.com\/cariri_em_acao\/?hl=pt-br\">Instagram<\/a>\u00a0e <a href=\"https:\/\/www.youtube.com\/channel\/UCAptA0jQuYQy8vMhLt2m4qg\">Youtube<\/a>\u00a0e veja nossas mat\u00e9rias, v\u00eddeos e fotos. Voc\u00ea tamb\u00e9m pode enviar informa\u00e7\u00f5es \u00e0 Reda\u00e7\u00e3o do Portal Cariri em A\u00e7\u00e3o pelo WhatsApp (83) 9 9634.5791, (83) 9 9601-1162.<\/p>\n","protected":false},"excerpt":{"rendered":"<p>Vice-prefeito de Jo\u00e3o Pessoa e pr\u00e9-candidato ao Senado, o ex-deputado Manoel J\u00fanior (PSC) segue mantendo o mist\u00e9rio sobre a chapa com quem vai se alinhar&hellip; <\/p>\n","protected":false},"author":1,"featured_media":59140,"comment_status":"closed","ping_status":"closed","sticky":false,"template":"","format":"standard","meta":{"sfsi_plus_gutenberg_text_before_share":"","sfsi_plus_gutenberg_show_text_before_share":"","sfsi_plus_gutenberg_icon_type":"","sfsi_plus_gutenberg_icon_alignemt":"","sfsi_plus_gutenburg_max_per_row":"","footnotes":""},"categories":[11],"tags":[],"class_list":["post-59131","post","type-post","status-publish","format-standard","has-post-thumbnail","hentry","category-politica"],"_links":{"self":[{"href":"https:\/\/www.caririemacao.com\/1\/wp-json\/wp\/v2\/posts\/59131","targetHints":{"allow":["GET"]}}],"collection":[{"href":"https:\/\/www.caririemacao.com\/1\/wp-json\/wp\/v2\/posts"}],"about":[{"href":"https:\/\/www.caririemacao.com\/1\/wp-json\/wp\/v2\/types\/post"}],"author":[{"embeddable":true,"href":"https:\/\/www.caririemacao.com\/1\/wp-json\/wp\/v2\/users\/1"}],"replies":[{"embeddable":true,"href":"https:\/\/www.caririemacao.com\/1\/wp-json\/wp\/v2\/comments?post=59131"}],"version-history":[{"count":1,"href":"https:\/\/www.caririemacao.com\/1\/wp-json\/wp\/v2\/posts\/59131\/revisions"}],"predecessor-version":[{"id":59141,"href":"https:\/\/www.caririemacao.com\/1\/wp-json\/wp\/v2\/posts\/59131\/revisions\/59141"}],"wp:featuredmedia":[{"embeddable":true,"href":"https:\/\/www.caririemacao.com\/1\/wp-json\/wp\/v2\/media\/59140"}],"wp:attachment":[{"href":"https:\/\/www.caririemacao.com\/1\/wp-json\/wp\/v2\/media?parent=59131"}],"wp:term":[{"taxonomy":"category","embeddable":true,"href":"https:\/\/www.caririemacao.com\/1\/wp-json\/wp\/v2\/categories?post=59131"},{"taxonomy":"post_tag","embeddable":true,"href":"https:\/\/www.caririemacao.com\/1\/wp-json\/wp\/v2\/tags?post=59131"}],"curies":[{"name":"wp","href":"https:\/\/api.w.org\/{rel}","templated":true}]}}