{"id":59142,"date":"2018-07-31T08:52:59","date_gmt":"2018-07-31T11:52:59","guid":{"rendered":"http:\/\/caririemacao.com\/1\/?p=59142"},"modified":"2018-07-31T08:52:59","modified_gmt":"2018-07-31T11:52:59","slug":"agencia-dos-correios-da-cidade-do-congo-e-explodida-na-madrugada","status":"publish","type":"post","link":"https:\/\/www.caririemacao.com\/1\/2018\/07\/31\/agencia-dos-correios-da-cidade-do-congo-e-explodida-na-madrugada\/","title":{"rendered":"Ag\u00eancia dos Correios da cidade do Congo \u00e9 explodida na madrugada"},"content":{"rendered":"<p>Uma ag\u00eancia dos Correios da cidade do Congo, Cariri paraibano, foi explodida na madrugada desta ter\u00e7a-feira (31). Por volta de 1h, homens em duas caminhonetes arrombaram a ag\u00eancia e explodiram o cofre.<\/p>\n<div>Segundo a pol\u00edcia, antes de explodir os Correios os homens passaram no terminal de autoatendimento do Banco do Bradesco da cidade, mas n\u00e3o fizeram nada no local.<\/div>\n<div><\/div>\n<div>A Pol\u00edcia militar n\u00e3o soube informar quantos homens participaram da a\u00e7\u00e3o nem\u00a0 se conseguiram levar dinheiro da ag\u00eancia. Na fuga os assaltantes espalharam grampos na cidade e fugiram sentido a cidade de Jata\u00faba, em Pernambuco.<\/div>\n<div><\/div>\n<div>At\u00e9 o come\u00e7o da manh\u00e3 desta ter\u00e7a (31) ningu\u00e9m tinha sido preso ou identificado pela pol\u00edcia.<\/div>\n<div>\n<p><strong>CARIRI EM A\u00c7\u00c3O<\/strong><\/p>\n<p>Com Jornal da Para\u00edba<\/p>\n<p>Leia mais not\u00edcias em\u00a0<a href=\"http:\/\/www.caririemacao.com\/\">caririemacao.com<\/a>, siga nossa p\u00e1gina no\u00a0<a href=\"https:\/\/www.facebook.com\/CaririEmAcao\/?ref=aymt_homepage_panel\">Facebook<\/a>,\u00a0<a href=\"https:\/\/www.instagram.com\/cariri_em_acao\/?hl=pt-br\">Instagram<\/a>\u00a0e <a href=\"https:\/\/www.youtube.com\/channel\/UCAptA0jQuYQy8vMhLt2m4qg\">Youtube<\/a>\u00a0e veja nossas mat\u00e9rias, v\u00eddeos e fotos. Voc\u00ea tamb\u00e9m pode enviar informa\u00e7\u00f5es \u00e0 Reda\u00e7\u00e3o do Portal Cariri em A\u00e7\u00e3o pelo WhatsApp (83) 9 9634.5791, (83) 9 9601-1162.<\/p>\n<\/div>\n","protected":false},"excerpt":{"rendered":"<p>Uma ag\u00eancia dos Correios da cidade do Congo, Cariri paraibano, foi explodida na madrugada desta ter\u00e7a-feira (31). Por volta de 1h, homens em duas caminhonetes&hellip; <\/p>\n","protected":false},"author":1,"featured_media":25619,"comment_status":"closed","ping_status":"closed","sticky":false,"template":"","format":"standard","meta":{"sfsi_plus_gutenberg_text_before_share":"","sfsi_plus_gutenberg_show_text_before_share":"","sfsi_plus_gutenberg_icon_type":"","sfsi_plus_gutenberg_icon_alignemt":"","sfsi_plus_gutenburg_max_per_row":"","footnotes":""},"categories":[12],"tags":[],"class_list":["post-59142","post","type-post","status-publish","format-standard","has-post-thumbnail","hentry","category-policia"],"_links":{"self":[{"href":"https:\/\/www.caririemacao.com\/1\/wp-json\/wp\/v2\/posts\/59142","targetHints":{"allow":["GET"]}}],"collection":[{"href":"https:\/\/www.caririemacao.com\/1\/wp-json\/wp\/v2\/posts"}],"about":[{"href":"https:\/\/www.caririemacao.com\/1\/wp-json\/wp\/v2\/types\/post"}],"author":[{"embeddable":true,"href":"https:\/\/www.caririemacao.com\/1\/wp-json\/wp\/v2\/users\/1"}],"replies":[{"embeddable":true,"href":"https:\/\/www.caririemacao.com\/1\/wp-json\/wp\/v2\/comments?post=59142"}],"version-history":[{"count":1,"href":"https:\/\/www.caririemacao.com\/1\/wp-json\/wp\/v2\/posts\/59142\/revisions"}],"predecessor-version":[{"id":59144,"href":"https:\/\/www.caririemacao.com\/1\/wp-json\/wp\/v2\/posts\/59142\/revisions\/59144"}],"wp:featuredmedia":[{"embeddable":true,"href":"https:\/\/www.caririemacao.com\/1\/wp-json\/wp\/v2\/media\/25619"}],"wp:attachment":[{"href":"https:\/\/www.caririemacao.com\/1\/wp-json\/wp\/v2\/media?parent=59142"}],"wp:term":[{"taxonomy":"category","embeddable":true,"href":"https:\/\/www.caririemacao.com\/1\/wp-json\/wp\/v2\/categories?post=59142"},{"taxonomy":"post_tag","embeddable":true,"href":"https:\/\/www.caririemacao.com\/1\/wp-json\/wp\/v2\/tags?post=59142"}],"curies":[{"name":"wp","href":"https:\/\/api.w.org\/{rel}","templated":true}]}}