{"id":59145,"date":"2018-07-31T09:04:09","date_gmt":"2018-07-31T12:04:09","guid":{"rendered":"http:\/\/caririemacao.com\/1\/?p=59145"},"modified":"2018-07-31T09:04:09","modified_gmt":"2018-07-31T12:04:09","slug":"mais-nove-candidatos-a-presidencia-da-republica-vao-ser-oficializados-esta-semana","status":"publish","type":"post","link":"https:\/\/www.caririemacao.com\/1\/2018\/07\/31\/mais-nove-candidatos-a-presidencia-da-republica-vao-ser-oficializados-esta-semana\/","title":{"rendered":"Mais nove candidatos \u00e0 Presid\u00eancia da Rep\u00fablica v\u00e3o ser oficializados esta semana"},"content":{"rendered":"<p>A uma semana do final do prazo para a realiza\u00e7\u00e3o das conven\u00e7\u00f5es nacionais, apenas seis candidatos \u00e0 presid\u00eancia da Rep\u00fablica foram homologados: Ciro Gomes (PDT), Guilherme Boulos (PSol), Jair Bolsonaro (PSL), Jos\u00e9 Maria Eymael (DC), Paulo Rabello de Castro (PSC) e Vera L\u00facia (PSTU).<\/p>\n<p>Desses, Boulos, Eymael e Vera L\u00facia sa\u00edram das conven\u00e7\u00f5es nacionais com as chapas completas. Os outros tr\u00eas ainda n\u00e3o escolheram os candidatos a vice-presidente.<\/p>\n<p>Os partidos t\u00eam a at\u00e9 o pr\u00f3ximo domingo para realizar conven\u00e7\u00e3o e decidir como v\u00e3o se posicionar na corrida presidencial. At\u00e9 l\u00e1, devem ser confirmadas as candidaturas de Manuela D\u2019\u00c1vila (PC do B), Henrique Meirelles (MDB), Geraldo Alckmin (PSDB), Marina Silva (Rede), Alvaro Dias (Podemos), Jo\u00e3o Am\u00f4edo (Novo), Levy Fid\u00e9lix (PRTB), Jo\u00e3o Vicente Goulart (PPL), al\u00e9m do lan\u00e7amento do candidato do PT, provavelmente o ex-presidente Luiz In\u00e1cio Lula da Silva.<\/p>\n<p>Conven\u00e7\u00f5es esta semana<\/p>\n<p>PRP\u00a0 \u00a0 \u00a0 \u00a0 1\u00ba.ago.2018\u00a0 \u00a0 (S\u00e3o Jos\u00e9 do Rio Preto\/SP)<\/p>\n<p>PC do B\u00a0 \u00a01\u00ba.ago.2018\u00a0 \u00a0 \u00a0Bras\u00edlia<br \/>\nPRB\u00a0 \u00a0 \u00a0 \u00a0 1\u00ba.ago.2018\u00a0 \u00a0 \u00a0 Bras\u00edlia<br \/>\nMDB\u00a0 \u00a0 \u00a0 \u00a0 2.ago.2018\u00a0 \u00a0 \u00a0 Bras\u00edlia<br \/>\nPP\u00a0 \u00a0 \u00a0 \u00a0 \u00a0 \u00a0 2.ago.2018\u00a0 \u00a0 \u00a0 Bras\u00edlia<br \/>\nDEM\u00a0 \u00a0 \u00a0 \u00a0 2.ago.2018\u00a0 \u00a0 \u00a0 Bras\u00edlia<br \/>\nPMB\u00a0 \u00a0 \u00a0 \u00a0 3.ago.2018\u00a0 \u00a0 \u00a0 Bras\u00edlia<br \/>\nPT\u00a0 \u00a0 \u00a0 \u00a0 \u00a0 \u00a0 4.ago.2018\u00a0 \u00a0 \u00a0S\u00e3o Paulo<br \/>\nPSDB\u00a0 \u00a0 \u00a0 \u00a04.ago.2018\u00a0 \u00a0 \u00a0Bras\u00edlia<br \/>\nRede\u00a0 \u00a0 \u00a0 \u00a0 4.ago.2018\u00a0 \u00a0 \u00a0Bras\u00edlia<br \/>\nPodemos 4.ago.2018\u00a0 \u00a0 Curitiba<br \/>\nNovo\u00a0 \u00a0 \u00a0 \u00a0 4.ago.2018\u00a0 \u00a0 S\u00e3o Paulo<br \/>\nPPS\u00a0 \u00a0 \u00a0 \u00a0 \u00a0 \u00a04.ago.2018\u00a0 \u00a0Bras\u00edlia<br \/>\nPHS\u00a0 \u00a0 \u00a0 \u00a0 \u00a0 4.ago.2018\u00a0 \u00a0 Bras\u00edlia<br \/>\nPR\u00a0 \u00a0 \u00a0 \u00a0 \u00a0 \u00a0 \u00a04.ago.2018\u00a0 \u00a0Bras\u00edlia<br \/>\nPatriota\u00a0 \u00a0 4.ago.2018\u00a0 \u00a0S\u00e3o Paulo<\/p>\n<p>PSB\u00a0 \u00a0 \u00a0 \u00a0 \u00a0 \u00a05.ago.2018\u00a0 \u00a0Bras\u00edlia<br \/>\nPRTB\u00a0 \u00a0 \u00a0 \u00a0 5.ago.2018\u00a0 \u00a0S\u00e3o Paulo<br \/>\nPPL\u00a0 \u00a0 \u00a0 \u00a0 \u00a0 \u00a05.ago.2018\u00a0 S\u00e3o Paulo<\/p>\n<p><strong>CARIRI EM A\u00c7\u00c3O<\/strong><\/p>\n<p>Com Jornal da Para\u00edba\/Foto: Reprodu\u00e7\u00e3o Internet<\/p>\n<p>Leia mais not\u00edcias em\u00a0<a href=\"http:\/\/www.caririemacao.com\/\">caririemacao.com<\/a>, siga nossa p\u00e1gina no\u00a0<a href=\"https:\/\/www.facebook.com\/CaririEmAcao\/?ref=aymt_homepage_panel\">Facebook<\/a>,\u00a0<a href=\"https:\/\/www.instagram.com\/cariri_em_acao\/?hl=pt-br\">Instagram<\/a>\u00a0e <a href=\"https:\/\/www.youtube.com\/channel\/UCAptA0jQuYQy8vMhLt2m4qg\">Youtube<\/a>\u00a0e veja nossas mat\u00e9rias, v\u00eddeos e fotos. Voc\u00ea tamb\u00e9m pode enviar informa\u00e7\u00f5es \u00e0 Reda\u00e7\u00e3o do Portal Cariri em A\u00e7\u00e3o pelo WhatsApp (83) 9 9634.5791, (83) 9 9601-1162.<\/p>\n","protected":false},"excerpt":{"rendered":"<p>A uma semana do final do prazo para a realiza\u00e7\u00e3o das conven\u00e7\u00f5es nacionais, apenas seis candidatos \u00e0 presid\u00eancia da Rep\u00fablica foram homologados: Ciro Gomes (PDT),&hellip; <\/p>\n","protected":false},"author":1,"featured_media":59146,"comment_status":"closed","ping_status":"closed","sticky":false,"template":"","format":"standard","meta":{"sfsi_plus_gutenberg_text_before_share":"","sfsi_plus_gutenberg_show_text_before_share":"","sfsi_plus_gutenberg_icon_type":"","sfsi_plus_gutenberg_icon_alignemt":"","sfsi_plus_gutenburg_max_per_row":"","footnotes":""},"categories":[11],"tags":[],"class_list":["post-59145","post","type-post","status-publish","format-standard","has-post-thumbnail","hentry","category-politica"],"_links":{"self":[{"href":"https:\/\/www.caririemacao.com\/1\/wp-json\/wp\/v2\/posts\/59145","targetHints":{"allow":["GET"]}}],"collection":[{"href":"https:\/\/www.caririemacao.com\/1\/wp-json\/wp\/v2\/posts"}],"about":[{"href":"https:\/\/www.caririemacao.com\/1\/wp-json\/wp\/v2\/types\/post"}],"author":[{"embeddable":true,"href":"https:\/\/www.caririemacao.com\/1\/wp-json\/wp\/v2\/users\/1"}],"replies":[{"embeddable":true,"href":"https:\/\/www.caririemacao.com\/1\/wp-json\/wp\/v2\/comments?post=59145"}],"version-history":[{"count":1,"href":"https:\/\/www.caririemacao.com\/1\/wp-json\/wp\/v2\/posts\/59145\/revisions"}],"predecessor-version":[{"id":59147,"href":"https:\/\/www.caririemacao.com\/1\/wp-json\/wp\/v2\/posts\/59145\/revisions\/59147"}],"wp:featuredmedia":[{"embeddable":true,"href":"https:\/\/www.caririemacao.com\/1\/wp-json\/wp\/v2\/media\/59146"}],"wp:attachment":[{"href":"https:\/\/www.caririemacao.com\/1\/wp-json\/wp\/v2\/media?parent=59145"}],"wp:term":[{"taxonomy":"category","embeddable":true,"href":"https:\/\/www.caririemacao.com\/1\/wp-json\/wp\/v2\/categories?post=59145"},{"taxonomy":"post_tag","embeddable":true,"href":"https:\/\/www.caririemacao.com\/1\/wp-json\/wp\/v2\/tags?post=59145"}],"curies":[{"name":"wp","href":"https:\/\/api.w.org\/{rel}","templated":true}]}}