{"id":59148,"date":"2018-07-31T09:06:46","date_gmt":"2018-07-31T12:06:46","guid":{"rendered":"http:\/\/caririemacao.com\/1\/?p=59148"},"modified":"2018-07-31T09:06:46","modified_gmt":"2018-07-31T12:06:46","slug":"luiz-couto-anuncia-candidatura-ao-senado-nesta-quarta","status":"publish","type":"post","link":"https:\/\/www.caririemacao.com\/1\/2018\/07\/31\/luiz-couto-anuncia-candidatura-ao-senado-nesta-quarta\/","title":{"rendered":"Luiz Couto anuncia candidatura ao Senado nesta quarta"},"content":{"rendered":"<p>Acabou o mist\u00e9rio. O deputado federal Luiz Couto (PT) anuncia, nesta quarta-feira (1\u00ba), sua candidatura ao Senado Federal na chapa que ser\u00e1 encabe\u00e7ada pelo ex-secret\u00e1rio Jo\u00e3o Azev\u00eado (PSB). O an\u00fancio deve ser feito \u00e0s 10h em local ainda n\u00e3o divulgado. Ao que tudo indica, a presidente nacional do PT, Gleisi Hoffman, deve comparecer ao evento.<\/p>\n<p>Com Couto compondo a majorit\u00e1ria, resta ao PSB agora apenas a vaga de vice. Este nome deve ser anunciado at\u00e9 o s\u00e1bado, dia 4, data da conven\u00e7\u00e3o do PSB.<\/p>\n<p>Tamb\u00e9m com a confirma\u00e7\u00e3o de Luiz Couto na chapa, fica definido que a alian\u00e7a com o Progressistas da deputada estadual e pr\u00e9-candidata ao Senado, Daniella Ribeiro, realmente n\u00e3o tem mais a possibilidade de acontecer.<\/p>\n<p>Na semana passada o governador Ricardo Coutinho j\u00e1 havia dito que o PP na Para\u00edba fazia oposi\u00e7\u00e3o ao seu governo e que isso n\u00e3o havia mudado.<\/p>\n<p><strong>CARIRI EM A\u00c7\u00c3O<\/strong><\/p>\n<p>Com Portal Correio\/Foto: Reprodu\u00e7\u00e3o Internet<\/p>\n<p>Leia mais not\u00edcias em\u00a0<a href=\"http:\/\/www.caririemacao.com\/\">caririemacao.com<\/a>, siga nossa p\u00e1gina no\u00a0<a href=\"https:\/\/www.facebook.com\/CaririEmAcao\/?ref=aymt_homepage_panel\">Facebook<\/a>,\u00a0<a href=\"https:\/\/www.instagram.com\/cariri_em_acao\/?hl=pt-br\">Instagram<\/a>\u00a0e <a href=\"https:\/\/www.youtube.com\/channel\/UCAptA0jQuYQy8vMhLt2m4qg\">Youtube<\/a>\u00a0e veja nossas mat\u00e9rias, v\u00eddeos e fotos. Voc\u00ea tamb\u00e9m pode enviar informa\u00e7\u00f5es \u00e0 Reda\u00e7\u00e3o do Portal Cariri em A\u00e7\u00e3o pelo WhatsApp (83) 9 9634.5791, (83) 9 9601-1162.<\/p>\n","protected":false},"excerpt":{"rendered":"<p>Acabou o mist\u00e9rio. O deputado federal Luiz Couto (PT) anuncia, nesta quarta-feira (1\u00ba), sua candidatura ao Senado Federal na chapa que ser\u00e1 encabe\u00e7ada pelo ex-secret\u00e1rio&hellip; <\/p>\n","protected":false},"author":1,"featured_media":38054,"comment_status":"closed","ping_status":"closed","sticky":false,"template":"","format":"standard","meta":{"sfsi_plus_gutenberg_text_before_share":"","sfsi_plus_gutenberg_show_text_before_share":"","sfsi_plus_gutenberg_icon_type":"","sfsi_plus_gutenberg_icon_alignemt":"","sfsi_plus_gutenburg_max_per_row":"","footnotes":""},"categories":[11],"tags":[],"class_list":["post-59148","post","type-post","status-publish","format-standard","has-post-thumbnail","hentry","category-politica"],"_links":{"self":[{"href":"https:\/\/www.caririemacao.com\/1\/wp-json\/wp\/v2\/posts\/59148","targetHints":{"allow":["GET"]}}],"collection":[{"href":"https:\/\/www.caririemacao.com\/1\/wp-json\/wp\/v2\/posts"}],"about":[{"href":"https:\/\/www.caririemacao.com\/1\/wp-json\/wp\/v2\/types\/post"}],"author":[{"embeddable":true,"href":"https:\/\/www.caririemacao.com\/1\/wp-json\/wp\/v2\/users\/1"}],"replies":[{"embeddable":true,"href":"https:\/\/www.caririemacao.com\/1\/wp-json\/wp\/v2\/comments?post=59148"}],"version-history":[{"count":1,"href":"https:\/\/www.caririemacao.com\/1\/wp-json\/wp\/v2\/posts\/59148\/revisions"}],"predecessor-version":[{"id":59149,"href":"https:\/\/www.caririemacao.com\/1\/wp-json\/wp\/v2\/posts\/59148\/revisions\/59149"}],"wp:featuredmedia":[{"embeddable":true,"href":"https:\/\/www.caririemacao.com\/1\/wp-json\/wp\/v2\/media\/38054"}],"wp:attachment":[{"href":"https:\/\/www.caririemacao.com\/1\/wp-json\/wp\/v2\/media?parent=59148"}],"wp:term":[{"taxonomy":"category","embeddable":true,"href":"https:\/\/www.caririemacao.com\/1\/wp-json\/wp\/v2\/categories?post=59148"},{"taxonomy":"post_tag","embeddable":true,"href":"https:\/\/www.caririemacao.com\/1\/wp-json\/wp\/v2\/tags?post=59148"}],"curies":[{"name":"wp","href":"https:\/\/api.w.org\/{rel}","templated":true}]}}