{"id":59150,"date":"2018-07-31T09:11:05","date_gmt":"2018-07-31T12:11:05","guid":{"rendered":"http:\/\/caririemacao.com\/1\/?p=59150"},"modified":"2018-07-31T09:11:05","modified_gmt":"2018-07-31T12:11:05","slug":"pagamento-do-ipva-com-desconto-de-10-termina-nesta-terca","status":"publish","type":"post","link":"https:\/\/www.caririemacao.com\/1\/2018\/07\/31\/pagamento-do-ipva-com-desconto-de-10-termina-nesta-terca\/","title":{"rendered":"Pagamento do IPVA com desconto de 10% termina nesta ter\u00e7a"},"content":{"rendered":"<p>Os propriet\u00e1rios de ve\u00edculos com placa final 7 t\u00eam at\u00e9 esta ter\u00e7a-feira (31) para pagar o Imposto sobre a Propriedade de Ve\u00edculos Automotores (IPVA) com desconto de 10%. Os contribuintes t\u00eam ainda outras duas op\u00e7\u00f5es de pagamento: o parcelamento em tr\u00eas vezes sem desconto, com a primeira vencendo tamb\u00e9m neste dia 31 de julho; ou o pagamento total do IPVA no dia 28 de setembro sem o desconto de 10%. O pagamento at\u00e9 a data limite evita multa e juros no m\u00eas seguinte.<\/p>\n<p>Para quem optou pelo parcelamento do IPVA das placas finais 4 e 5 em tr\u00eas vezes, os propriet\u00e1rios precisam tamb\u00e9m lembrar do pagamento das parcelas remanescentes at\u00e9 o dia 31 de julho. Nesta data, se vence a segunda parcela para quem \u00e9 o propriet\u00e1rio da placa final 6, enquanto para quem possui placa final 5 \u00e9 a terceira e \u00faltima. E para quem optou para pagar a totalidade do IPVA com placa final 5 a data limite tamb\u00e9m dia 31 de julho.<\/p>\n<p><strong>Emiss\u00f5es do boleto<\/strong><\/p>\n<p>As emiss\u00f5es dos boletos do IPVA somente ser\u00e3o impressos via portais da\u00a0<a href=\"http:\/\/www.receita.pb.gov.br\/\" target=\"_blank\" rel=\"noopener\">Secretaria de Estado da Receita<\/a>\u00a0ou do\u00a0<a href=\"http:\/\/www.detran.pb.gov.br\/\" target=\"_blank\" rel=\"noopener\">Detran-PB<\/a>. O boleto do IPVA poder\u00e1 ainda ser emitido nas reparti\u00e7\u00f5es fiscais ou ent\u00e3o nas unidades do Detran-PB.<\/p>\n<p><strong>Onde pagar<\/strong><\/p>\n<p>Al\u00e9m dos guich\u00eas das ag\u00eancias do Banco do Brasil (BB), associados e dos caixas de autoatendimento, os contribuintes poder\u00e3o ainda pagar de forma mais pr\u00e1tica no mobile banking \u2013 aplicativo dispon\u00edvel pelo BB para aparelhos m\u00f3veis como smartphones.<\/p>\n<p><strong>Comprova\u00e7\u00e3o da isen\u00e7\u00e3o em 2018<\/strong><\/p>\n<p>As categorias como taxistas, portadores de defici\u00eancia (f\u00edsica, visual, mental ou autista), ve\u00edculos cadastrados no Minist\u00e9rio do Turismo na qualidade de transporte tur\u00edstico; motofrentistas e de motoboys at\u00e9 150 cc (cilindradas), de placa final 6, que requereram no ano passado a isen\u00e7\u00e3o do IPVA, precisam, agora, comprovar com documenta\u00e7\u00e3o at\u00e9 o dia 31 de julho na reparti\u00e7\u00e3o fiscal para gozar do direito em 2018. Neste mesmo dia, essas categorias j\u00e1 podem requerer a isen\u00e7\u00e3o de 2019.<\/p>\n<p>J\u00e1 os ve\u00edculos com ano de fabrica\u00e7\u00e3o abaixo de 2003 ficar\u00e3o isentos de pagamento do IPVA em 2018. A legisla\u00e7\u00e3o em vigor assegura a isen\u00e7\u00e3o do imposto para propriet\u00e1rios de carros, motos ou qualquer outro ve\u00edculo com 16 anos completos de sua fabrica\u00e7\u00e3o. Contudo, os propriet\u00e1rios desses ve\u00edculos n\u00e3o ficar\u00e3o isentos das demais taxas que envolvem o emplacamento, como seguro obrigat\u00f3rio (Dpvat), licenciamento do Detran e a taxa de bombeiro.<\/p>\n<p><strong>CARIRI EM A\u00c7\u00c3O<\/strong><\/p>\n<p>Com Portal Correio\/Foto: Reprodu\u00e7\u00e3o Internet<\/p>\n<p>Leia mais not\u00edcias em\u00a0<a href=\"http:\/\/www.caririemacao.com\/\">caririemacao.com<\/a>, siga nossa p\u00e1gina no\u00a0<a href=\"https:\/\/www.facebook.com\/CaririEmAcao\/?ref=aymt_homepage_panel\">Facebook<\/a>,\u00a0<a href=\"https:\/\/www.instagram.com\/cariri_em_acao\/?hl=pt-br\">Instagram<\/a>\u00a0e <a href=\"https:\/\/www.youtube.com\/channel\/UCAptA0jQuYQy8vMhLt2m4qg\">Youtube<\/a>\u00a0e veja nossas mat\u00e9rias, v\u00eddeos e fotos. Voc\u00ea tamb\u00e9m pode enviar informa\u00e7\u00f5es \u00e0 Reda\u00e7\u00e3o do Portal Cariri em A\u00e7\u00e3o pelo WhatsApp (83) 9 9634.5791, (83) 9 9601-1162.<\/p>\n","protected":false},"excerpt":{"rendered":"<p>Os propriet\u00e1rios de ve\u00edculos com placa final 7 t\u00eam at\u00e9 esta ter\u00e7a-feira (31) para pagar o Imposto sobre a Propriedade de Ve\u00edculos Automotores (IPVA) com&hellip; <\/p>\n","protected":false},"author":1,"featured_media":13520,"comment_status":"closed","ping_status":"closed","sticky":false,"template":"","format":"standard","meta":{"sfsi_plus_gutenberg_text_before_share":"","sfsi_plus_gutenberg_show_text_before_share":"","sfsi_plus_gutenberg_icon_type":"","sfsi_plus_gutenberg_icon_alignemt":"","sfsi_plus_gutenburg_max_per_row":"","footnotes":""},"categories":[2],"tags":[],"class_list":["post-59150","post","type-post","status-publish","format-standard","has-post-thumbnail","hentry","category-geral"],"_links":{"self":[{"href":"https:\/\/www.caririemacao.com\/1\/wp-json\/wp\/v2\/posts\/59150","targetHints":{"allow":["GET"]}}],"collection":[{"href":"https:\/\/www.caririemacao.com\/1\/wp-json\/wp\/v2\/posts"}],"about":[{"href":"https:\/\/www.caririemacao.com\/1\/wp-json\/wp\/v2\/types\/post"}],"author":[{"embeddable":true,"href":"https:\/\/www.caririemacao.com\/1\/wp-json\/wp\/v2\/users\/1"}],"replies":[{"embeddable":true,"href":"https:\/\/www.caririemacao.com\/1\/wp-json\/wp\/v2\/comments?post=59150"}],"version-history":[{"count":1,"href":"https:\/\/www.caririemacao.com\/1\/wp-json\/wp\/v2\/posts\/59150\/revisions"}],"predecessor-version":[{"id":59151,"href":"https:\/\/www.caririemacao.com\/1\/wp-json\/wp\/v2\/posts\/59150\/revisions\/59151"}],"wp:featuredmedia":[{"embeddable":true,"href":"https:\/\/www.caririemacao.com\/1\/wp-json\/wp\/v2\/media\/13520"}],"wp:attachment":[{"href":"https:\/\/www.caririemacao.com\/1\/wp-json\/wp\/v2\/media?parent=59150"}],"wp:term":[{"taxonomy":"category","embeddable":true,"href":"https:\/\/www.caririemacao.com\/1\/wp-json\/wp\/v2\/categories?post=59150"},{"taxonomy":"post_tag","embeddable":true,"href":"https:\/\/www.caririemacao.com\/1\/wp-json\/wp\/v2\/tags?post=59150"}],"curies":[{"name":"wp","href":"https:\/\/api.w.org\/{rel}","templated":true}]}}