{"id":59152,"date":"2018-07-31T09:14:35","date_gmt":"2018-07-31T12:14:35","guid":{"rendered":"http:\/\/caririemacao.com\/1\/?p=59152"},"modified":"2018-07-31T09:14:35","modified_gmt":"2018-07-31T12:14:35","slug":"adesao-a-lista-de-espera-do-prouni-termina-nesta-terca","status":"publish","type":"post","link":"https:\/\/www.caririemacao.com\/1\/2018\/07\/31\/adesao-a-lista-de-espera-do-prouni-termina-nesta-terca\/","title":{"rendered":"Ades\u00e3o \u00e0 lista de espera do ProUni termina nesta ter\u00e7a"},"content":{"rendered":"<p>Os estudantes que n\u00e3o foram pr\u00e9-selecionados para as bolsas do Programa Universidade para Todos (ProUni) do segundo semestre de 2018 podem aderir \u00e0 lista de espera at\u00e9 esta ter\u00e7a-feira (31). A\u00a0<strong><a href=\"http:\/\/siteprouni.mec.gov.br\/\">ades\u00e3o deve ser feita no site<\/a>\u00a0<\/strong>do programa.<\/p>\n<p>A lista de espera ser\u00e1 usada pelas institui\u00e7\u00f5es de ensino para ocupar as bolsas que n\u00e3o foram preenchidas na primeira e segunda chamadas do ProUni.<\/p>\n<p>A rela\u00e7\u00e3o dos candidatos participantes da lista ser\u00e1 divulgada no dia 2 de agosto. Os estudantes dever\u00e3o comparecer \u00e0 institui\u00e7\u00e3o de ensino entre os dias 3 e 6 de agosto para apresentar a documenta\u00e7\u00e3o que comprove as informa\u00e7\u00f5es prestadas no momento da inscri\u00e7\u00e3o.<\/p>\n<p>Pode participar da lista de espera, exclusivamente para o curso correspondente \u00e0 primeira op\u00e7\u00e3o, o candidato n\u00e3o pr\u00e9-selecionado nas chamadas regulares; o pr\u00e9-selecionado na segunda op\u00e7\u00e3o de curso, reprovado por n\u00e3o forma\u00e7\u00e3o de turma.<\/p>\n<p>Para o curso correspondente \u00e0 segunda op\u00e7\u00e3o, pode participar o candidato n\u00e3o pr\u00e9-selecionado nas chamadas regulares, na hip\u00f3tese de n\u00e3o ter ocorrido forma\u00e7\u00e3o de turma na primeira op\u00e7\u00e3o de curso; n\u00e3o pr\u00e9-selecionado nas chamadas regulares, na hip\u00f3tese de n\u00e3o haver bolsas dispon\u00edveis na primeira op\u00e7\u00e3o de curso; e o pr\u00e9-selecionado na primeira op\u00e7\u00e3o de curso, reprovado por n\u00e3o forma\u00e7\u00e3o de turma.<\/p>\n<p>O ProUni oferece bolsas de estudo em institui\u00e7\u00f5es privadas de ensino superior. Ao todo, nesse processo seletivo, ser\u00e3o ofertadas 174.289 vagas, sendo 68.884 bolsas integrais e 105.405 parciais, em 1.460 institui\u00e7\u00f5es.<\/p>\n<p><strong>CARIRI EM A\u00c7\u00c3O<\/strong><\/p>\n<p>Com Ag\u00eancia Brasil\/Foto: Reprodu\u00e7\u00e3o Internet<\/p>\n<p>Leia mais not\u00edcias em\u00a0<a href=\"http:\/\/www.caririemacao.com\/\">caririemacao.com<\/a>, siga nossa p\u00e1gina no\u00a0<a href=\"https:\/\/www.facebook.com\/CaririEmAcao\/?ref=aymt_homepage_panel\">Facebook<\/a>,\u00a0<a href=\"https:\/\/www.instagram.com\/cariri_em_acao\/?hl=pt-br\">Instagram<\/a>\u00a0e <a href=\"https:\/\/www.youtube.com\/channel\/UCAptA0jQuYQy8vMhLt2m4qg\">Youtube<\/a>\u00a0e veja nossas mat\u00e9rias, v\u00eddeos e fotos. Voc\u00ea tamb\u00e9m pode enviar informa\u00e7\u00f5es \u00e0 Reda\u00e7\u00e3o do Portal Cariri em A\u00e7\u00e3o pelo WhatsApp (83) 9 9634.5791, (83) 9 9601-1162.<\/p>\n","protected":false},"excerpt":{"rendered":"<p>Os estudantes que n\u00e3o foram pr\u00e9-selecionados para as bolsas do Programa Universidade para Todos (ProUni) do segundo semestre de 2018 podem aderir \u00e0 lista de&hellip; <\/p>\n","protected":false},"author":1,"featured_media":44467,"comment_status":"closed","ping_status":"closed","sticky":false,"template":"","format":"standard","meta":{"sfsi_plus_gutenberg_text_before_share":"","sfsi_plus_gutenberg_show_text_before_share":"","sfsi_plus_gutenberg_icon_type":"","sfsi_plus_gutenberg_icon_alignemt":"","sfsi_plus_gutenburg_max_per_row":"","footnotes":""},"categories":[14],"tags":[],"class_list":["post-59152","post","type-post","status-publish","format-standard","has-post-thumbnail","hentry","category-educacao"],"_links":{"self":[{"href":"https:\/\/www.caririemacao.com\/1\/wp-json\/wp\/v2\/posts\/59152","targetHints":{"allow":["GET"]}}],"collection":[{"href":"https:\/\/www.caririemacao.com\/1\/wp-json\/wp\/v2\/posts"}],"about":[{"href":"https:\/\/www.caririemacao.com\/1\/wp-json\/wp\/v2\/types\/post"}],"author":[{"embeddable":true,"href":"https:\/\/www.caririemacao.com\/1\/wp-json\/wp\/v2\/users\/1"}],"replies":[{"embeddable":true,"href":"https:\/\/www.caririemacao.com\/1\/wp-json\/wp\/v2\/comments?post=59152"}],"version-history":[{"count":1,"href":"https:\/\/www.caririemacao.com\/1\/wp-json\/wp\/v2\/posts\/59152\/revisions"}],"predecessor-version":[{"id":59153,"href":"https:\/\/www.caririemacao.com\/1\/wp-json\/wp\/v2\/posts\/59152\/revisions\/59153"}],"wp:featuredmedia":[{"embeddable":true,"href":"https:\/\/www.caririemacao.com\/1\/wp-json\/wp\/v2\/media\/44467"}],"wp:attachment":[{"href":"https:\/\/www.caririemacao.com\/1\/wp-json\/wp\/v2\/media?parent=59152"}],"wp:term":[{"taxonomy":"category","embeddable":true,"href":"https:\/\/www.caririemacao.com\/1\/wp-json\/wp\/v2\/categories?post=59152"},{"taxonomy":"post_tag","embeddable":true,"href":"https:\/\/www.caririemacao.com\/1\/wp-json\/wp\/v2\/tags?post=59152"}],"curies":[{"name":"wp","href":"https:\/\/api.w.org\/{rel}","templated":true}]}}