{"id":59154,"date":"2018-07-31T09:17:03","date_gmt":"2018-07-31T12:17:03","guid":{"rendered":"http:\/\/caririemacao.com\/1\/?p=59154"},"modified":"2018-07-31T09:17:03","modified_gmt":"2018-07-31T12:17:03","slug":"embaixada-dos-estados-unidos-inscreve-jovens-paraenses-para-intercambio","status":"publish","type":"post","link":"https:\/\/www.caririemacao.com\/1\/2018\/07\/31\/embaixada-dos-estados-unidos-inscreve-jovens-paraenses-para-intercambio\/","title":{"rendered":"Embaixada dos Estados Unidos inscreve jovens paraenses para interc\u00e2mbio"},"content":{"rendered":"<div class=\"mc-column content-media content-media--normal content-video\" data-block-type=\"backstage-video\" data-block-id=\"0\">\n<div class=\"content-media__description-centered\">\n<p class=\"content-media__description\">Estudantes da rede p\u00fablica do Par\u00e1 podem fazer um interc\u00e2mbio de tr\u00eas semanas nos Estados Unidos dentro do Programa Jovens Embaixadores. A Embaixada dos Estados Unidos inscreve os interessados at\u00e9 o dia 12 de agosto.<\/p>\n<\/div>\n<\/div>\n<div class=\"wall\">\n<div class=\"mc-column content-text active-extra-styles \" data-block-type=\"unstyled\" data-block-weight=\"37\" data-block-id=\"3\">\n<p class=\"content-text__container \" data-track-category=\"Link no Texto\" data-track-links=\"\">Podem participar da sele\u00e7\u00e3o estudantes do ensino m\u00e9dio da rede p\u00fablica, de 15 a 18 anos, que s\u00e3o exemplos em suas comunidades em virtude de sua lideran\u00e7a e trabalho volunt\u00e1rio, excel\u00eancia acad\u00eamica e conhecimento da l\u00edngua inglesa.<\/p>\n<\/div>\n<div class=\"mc-column content-text active-extra-styles \" data-block-type=\"unstyled\" data-block-weight=\"38\" data-block-id=\"4\">\n<p class=\"content-text__container \" data-track-category=\"Link no Texto\" data-track-links=\"\">Desde 2003, 572 jovens brasileiros j\u00e1 participaram do programa. Atualmente o Programa Jovens Embaixadores \u00e9 realizado em todos os pa\u00edses do continente americano e conta com um programa inverso para jovens norte-americanos representarem os EUA na Am\u00e9rica Latina.<\/p>\n<\/div>\n<div class=\"mc-column content-text active-extra-styles\" data-block-type=\"raw\" data-block-weight=\"2\" data-block-id=\"5\">\n<div class=\"content-intertitle\">\n<p><strong>Jovens Embaixadores<\/strong><\/p>\n<\/div>\n<\/div>\n<div class=\"mc-column content-text active-extra-styles \" data-block-type=\"unstyled\" data-block-weight=\"47\" data-block-id=\"6\">\n<p class=\"content-text__container \" data-track-category=\"Link no Texto\" data-track-links=\"\">Os selecionados viajam em janeiro para um programa de tr\u00eas semanas nos Estados Unidos. Durante a primeira semana, visitam a capital do pa\u00eds, participam de reuni\u00f5es em organiza\u00e7\u00f5es dos setores p\u00fablico e privado, visitam escolas e projetos sociais e participam de oficinas sobre lideran\u00e7a e empreendedorismo jovem.<\/p>\n<\/div>\n<div class=\"mc-column content-text active-extra-styles \" data-block-type=\"unstyled\" data-block-weight=\"55\" data-block-id=\"7\">\n<p class=\"content-text__container \" data-track-category=\"Link no Texto\" data-track-links=\"\">Ap\u00f3s essa primeira semana em Washington, o grupo \u00e9 dividido em subgrupos e cada um deles viaja para um estado diferente nos Estados Unidos. Eles v\u00e3o se hospedar em uma casa de fam\u00edlia americana, assistem aulas e interagem com jovens da sua idade, participam em atividades sociais\/culturais na comunidade e fazem apresenta\u00e7\u00f5es sobre o Brasil.<\/p>\n<\/div>\n<div class=\"mc-column content-text active-extra-styles \" data-block-type=\"unstyled\" data-block-weight=\"22\" data-block-id=\"8\">\n<p class=\"content-text__container \" data-track-category=\"Link no Texto\" data-track-links=\"\">Para mais informa\u00e7\u00f5es sobre o programa, o candidato pode acessar a p\u00e1gina da embaixada ou telefonar para o Escrit\u00f3rio EducationUSA: (91) 3221-6113.<\/p>\n<\/div>\n<\/div>\n<div data-track-category=\"fim do conteudo\" data-track-action=\"ultimo chunk conteudo\" data-track-noninteraction=\"false\" data-track-scroll=\"entrada completa viewport\">\n<div class=\"mc-column content-text active-extra-styles \" data-block-type=\"unstyled\" data-block-weight=\"16\" data-block-id=\"9\">\n<p><strong>CARIRI EM A\u00c7\u00c3O<\/strong><\/p>\n<p>Com G1 \/Foto: Reprodu\u00e7\u00e3o Internet<\/p>\n<p>Leia mais not\u00edcias em\u00a0<a href=\"http:\/\/www.caririemacao.com\/\">caririemacao.com<\/a>, siga nossa p\u00e1gina no\u00a0<a href=\"https:\/\/www.facebook.com\/CaririEmAcao\/?ref=aymt_homepage_panel\">Facebook<\/a>,\u00a0<a href=\"https:\/\/www.instagram.com\/cariri_em_acao\/?hl=pt-br\">Instagram<\/a>\u00a0e <a href=\"https:\/\/www.youtube.com\/channel\/UCAptA0jQuYQy8vMhLt2m4qg\">Youtube<\/a>\u00a0e veja nossas mat\u00e9rias, v\u00eddeos e fotos. Voc\u00ea tamb\u00e9m pode enviar informa\u00e7\u00f5es \u00e0 Reda\u00e7\u00e3o do Portal Cariri em A\u00e7\u00e3o pelo WhatsApp (83) 9 9634.5791, (83) 9 9601-1162.<\/p>\n<\/div>\n<\/div>\n","protected":false},"excerpt":{"rendered":"<p>Estudantes da rede p\u00fablica do Par\u00e1 podem fazer um interc\u00e2mbio de tr\u00eas semanas nos Estados Unidos dentro do Programa Jovens Embaixadores. A Embaixada dos Estados&hellip; <\/p>\n","protected":false},"author":1,"featured_media":22626,"comment_status":"closed","ping_status":"closed","sticky":false,"template":"","format":"standard","meta":{"sfsi_plus_gutenberg_text_before_share":"","sfsi_plus_gutenberg_show_text_before_share":"","sfsi_plus_gutenberg_icon_type":"","sfsi_plus_gutenberg_icon_alignemt":"","sfsi_plus_gutenburg_max_per_row":"","footnotes":""},"categories":[14],"tags":[],"class_list":["post-59154","post","type-post","status-publish","format-standard","has-post-thumbnail","hentry","category-educacao"],"_links":{"self":[{"href":"https:\/\/www.caririemacao.com\/1\/wp-json\/wp\/v2\/posts\/59154","targetHints":{"allow":["GET"]}}],"collection":[{"href":"https:\/\/www.caririemacao.com\/1\/wp-json\/wp\/v2\/posts"}],"about":[{"href":"https:\/\/www.caririemacao.com\/1\/wp-json\/wp\/v2\/types\/post"}],"author":[{"embeddable":true,"href":"https:\/\/www.caririemacao.com\/1\/wp-json\/wp\/v2\/users\/1"}],"replies":[{"embeddable":true,"href":"https:\/\/www.caririemacao.com\/1\/wp-json\/wp\/v2\/comments?post=59154"}],"version-history":[{"count":1,"href":"https:\/\/www.caririemacao.com\/1\/wp-json\/wp\/v2\/posts\/59154\/revisions"}],"predecessor-version":[{"id":59155,"href":"https:\/\/www.caririemacao.com\/1\/wp-json\/wp\/v2\/posts\/59154\/revisions\/59155"}],"wp:featuredmedia":[{"embeddable":true,"href":"https:\/\/www.caririemacao.com\/1\/wp-json\/wp\/v2\/media\/22626"}],"wp:attachment":[{"href":"https:\/\/www.caririemacao.com\/1\/wp-json\/wp\/v2\/media?parent=59154"}],"wp:term":[{"taxonomy":"category","embeddable":true,"href":"https:\/\/www.caririemacao.com\/1\/wp-json\/wp\/v2\/categories?post=59154"},{"taxonomy":"post_tag","embeddable":true,"href":"https:\/\/www.caririemacao.com\/1\/wp-json\/wp\/v2\/tags?post=59154"}],"curies":[{"name":"wp","href":"https:\/\/api.w.org\/{rel}","templated":true}]}}