{"id":59156,"date":"2018-07-31T09:29:19","date_gmt":"2018-07-31T12:29:19","guid":{"rendered":"http:\/\/caririemacao.com\/1\/?p=59156"},"modified":"2018-07-31T09:29:19","modified_gmt":"2018-07-31T12:29:19","slug":"desemprego-atinge-13-milhoes-de-pessoas-no-brasil-diz-ibge","status":"publish","type":"post","link":"https:\/\/www.caririemacao.com\/1\/2018\/07\/31\/desemprego-atinge-13-milhoes-de-pessoas-no-brasil-diz-ibge\/","title":{"rendered":"Desemprego atinge 13 milh\u00f5es de pessoas no Brasil, diz IBGE"},"content":{"rendered":"<p>O desemprego atinge 13 milh\u00f5es de brasileiros em junho, segundo os dados da Pnad Cont\u00ednua do IBGE, divulgados na manh\u00e3 desta ter\u00e7a-feira (31).<\/p>\n<p>A taxa de desocupa\u00e7\u00e3o do trimestre de abril a junho deste ano foi de 12,4%. O percentual era de 13% no mesmo per\u00edodo do ano anterior, quando o pa\u00eds tinha 13,5 milh\u00f5es de pessoas desempregadas.<\/p>\n<div class=\"teads-inread\">\n<div>\n<div id=\"teads0\" class=\"teads-player\">A pesquisa tamb\u00e9m aponta que\u00a091,2 milh\u00f5es de brasileiros est\u00e3o ocupados.<\/div>\n<div>\n<p><strong>CARIRI EM A\u00c7\u00c3O<\/strong><\/p>\n<p>Com R7\/Foto: Reprodu\u00e7\u00e3o Internet<\/p>\n<p>Leia mais not\u00edcias em\u00a0<a href=\"http:\/\/www.caririemacao.com\/\">caririemacao.com<\/a>, siga nossa p\u00e1gina no\u00a0<a href=\"https:\/\/www.facebook.com\/CaririEmAcao\/?ref=aymt_homepage_panel\">Facebook<\/a>,\u00a0<a href=\"https:\/\/www.instagram.com\/cariri_em_acao\/?hl=pt-br\">Instagram<\/a>\u00a0e <a href=\"https:\/\/www.youtube.com\/channel\/UCAptA0jQuYQy8vMhLt2m4qg\">Youtube<\/a>\u00a0e veja nossas mat\u00e9rias, v\u00eddeos e fotos. Voc\u00ea tamb\u00e9m pode enviar informa\u00e7\u00f5es \u00e0 Reda\u00e7\u00e3o do Portal Cariri em A\u00e7\u00e3o pelo WhatsApp (83) 9 9634.5791, (83) 9 9601-1162.<\/p>\n<\/div>\n<\/div>\n<\/div>\n","protected":false},"excerpt":{"rendered":"<p>O desemprego atinge 13 milh\u00f5es de brasileiros em junho, segundo os dados da Pnad Cont\u00ednua do IBGE, divulgados na manh\u00e3 desta ter\u00e7a-feira (31). A taxa&hellip; <\/p>\n","protected":false},"author":1,"featured_media":14687,"comment_status":"closed","ping_status":"closed","sticky":false,"template":"","format":"standard","meta":{"sfsi_plus_gutenberg_text_before_share":"","sfsi_plus_gutenberg_show_text_before_share":"","sfsi_plus_gutenberg_icon_type":"","sfsi_plus_gutenberg_icon_alignemt":"","sfsi_plus_gutenburg_max_per_row":"","footnotes":""},"categories":[2],"tags":[],"class_list":["post-59156","post","type-post","status-publish","format-standard","has-post-thumbnail","hentry","category-geral"],"_links":{"self":[{"href":"https:\/\/www.caririemacao.com\/1\/wp-json\/wp\/v2\/posts\/59156","targetHints":{"allow":["GET"]}}],"collection":[{"href":"https:\/\/www.caririemacao.com\/1\/wp-json\/wp\/v2\/posts"}],"about":[{"href":"https:\/\/www.caririemacao.com\/1\/wp-json\/wp\/v2\/types\/post"}],"author":[{"embeddable":true,"href":"https:\/\/www.caririemacao.com\/1\/wp-json\/wp\/v2\/users\/1"}],"replies":[{"embeddable":true,"href":"https:\/\/www.caririemacao.com\/1\/wp-json\/wp\/v2\/comments?post=59156"}],"version-history":[{"count":1,"href":"https:\/\/www.caririemacao.com\/1\/wp-json\/wp\/v2\/posts\/59156\/revisions"}],"predecessor-version":[{"id":59157,"href":"https:\/\/www.caririemacao.com\/1\/wp-json\/wp\/v2\/posts\/59156\/revisions\/59157"}],"wp:featuredmedia":[{"embeddable":true,"href":"https:\/\/www.caririemacao.com\/1\/wp-json\/wp\/v2\/media\/14687"}],"wp:attachment":[{"href":"https:\/\/www.caririemacao.com\/1\/wp-json\/wp\/v2\/media?parent=59156"}],"wp:term":[{"taxonomy":"category","embeddable":true,"href":"https:\/\/www.caririemacao.com\/1\/wp-json\/wp\/v2\/categories?post=59156"},{"taxonomy":"post_tag","embeddable":true,"href":"https:\/\/www.caririemacao.com\/1\/wp-json\/wp\/v2\/tags?post=59156"}],"curies":[{"name":"wp","href":"https:\/\/api.w.org\/{rel}","templated":true}]}}