{"id":59158,"date":"2018-07-31T09:32:40","date_gmt":"2018-07-31T12:32:40","guid":{"rendered":"http:\/\/caririemacao.com\/1\/?p=59158"},"modified":"2018-07-31T09:32:40","modified_gmt":"2018-07-31T12:32:40","slug":"ans-revoga-cobranca-de-coparticipacao-em-planos-de-saude","status":"publish","type":"post","link":"https:\/\/www.caririemacao.com\/1\/2018\/07\/31\/ans-revoga-cobranca-de-coparticipacao-em-planos-de-saude\/","title":{"rendered":"ANS revoga cobran\u00e7a de coparticipa\u00e7\u00e3o em planos de sa\u00fade"},"content":{"rendered":"<div class=\"titulo\">\n<p>A Ag\u00eancia Nacional de Sa\u00fade Suplementar (ANS) decidiu ontem (30) revogar a Resolu\u00e7\u00e3o Normativa 433\/2018 que, entre outras mudan\u00e7as propostas, inclu\u00eda a cobran\u00e7a de coparticipa\u00e7\u00e3o e franquia em planos de sa\u00fade.<\/p>\n<\/div>\n<div class=\"content\">\n<p>A nova norma estabelecia um limite de at\u00e9 40% de coparticipa\u00e7\u00e3o dos consumidores nas despesas m\u00e9dicas e hospitalares.<\/p>\n<p>A decis\u00e3o foi tomada durante a 490\u00aa Reuni\u00e3o Ordin\u00e1ria de Diretoria Colegiada. A ANS \u201cdecidiu reabrir as discuss\u00f5es sobre a proposta de regulamenta\u00e7\u00e3o dos mecanismos financeiros de regula\u00e7\u00e3o: coparticipa\u00e7\u00e3o e franquia em fun\u00e7\u00e3o da apreens\u00e3o que o tema tem causado na sociedade\u201d.<\/p>\n<p>O \u00f3rg\u00e3o pretende realizar uma nova audi\u00eancia p\u00fablica, ainda sem data marcada, mas nos moldes da realizada nos \u00faltimos 24 e 25 deste m\u00eas, que tratou da \u201cPol\u00edtica de pre\u00e7os e reajustes na sa\u00fade suplementar\u201d.<\/p>\n<p>Em nota, a ANS disse ainda que \u201cse reunir\u00e1 com as principais institui\u00e7\u00f5es p\u00fablicas que se manifestaram sobre a mat\u00e9ria, com o objetivo de ouvir suas sugest\u00f5es para a constru\u00e7\u00e3o de um entendimento uniforme sobre o assunto\u201d.<\/p>\n<p>Editada em 27 de junho, a Resolu\u00e7\u00e3o Normativa 433 entraria em vigor em dezembro, mas este m\u00eas (16) foi suspensa pelo Supremo Tribunal Federal (STF). A presidente do STF, ministra C\u00e1rmen L\u00facia, decidiu pela suspens\u00e3o ap\u00f3s a OAB entrar com uma medida cautelar.<\/p>\n<p>\u201cA referida resolu\u00e7\u00e3o foi muito al\u00e9m e desfigurou o marco legal de prote\u00e7\u00e3o do consumidor no pa\u00eds, \u2018tendo usurpado\u2019, da compet\u00eancia do Poder Executivo (e tamb\u00e9m do Poder Legislativo) por parte da Ag\u00eancia Nacional de Sa\u00fade Suplementar, que arvorou-se a regulamentar mat\u00e9ria \u2013 mecanismos de regula\u00e7\u00e3o financeira (franquia e coparticipa\u00e7\u00e3o) \u2013 sem a devida compet\u00eancia para tanto e, ainda, sem o devido processo legislativo\u201d, diz a OAB na a\u00e7\u00e3o.<\/p>\n<p>O presidente nacional da OAB, Claudio Lamachia, divulgou nota ap\u00f3s o an\u00fancio da ANS para lembrar que a decis\u00e3o da ag\u00eancia confirmou \u201ca total legitimidade e coer\u00eancia do pleito da OAB junto ao Supremo Tribunal Federal (STF)\u201d. Ele disse ainda que a revoga\u00e7\u00e3o foi uma vit\u00f3ria da sociedade, \u201cque demonstrou sua inconformidade com a postura da ANS\u201d.<\/p>\n<p>Lamachia defendeu ainda uma revis\u00e3o no papel das ag\u00eancias reguladoras. \u201cOs usu\u00e1rios, fim maior da presta\u00e7\u00e3o dos servi\u00e7os p\u00fablicos, t\u00eam sido prejudicados cotidianamente por algumas ag\u00eancias que agem como verdadeiros sindicatos das empresas, defendendo apenas seus interesses comerciais. Regulam o direito das empresas, prejudicando os usu\u00e1rios. A fun\u00e7\u00e3o da maioria delas, custosas para os cofres p\u00fablicos, deve ser revista\u201d, afirmou.<\/p>\n<p><strong>CARIRI EM A\u00c7\u00c3O<\/strong><\/p>\n<p>Com Ag\u00eancia Brasil\/Foto: Reprodu\u00e7\u00e3o Internet<\/p>\n<p>Leia mais not\u00edcias em\u00a0<a href=\"http:\/\/www.caririemacao.com\/\">caririemacao.com<\/a>, siga nossa p\u00e1gina no\u00a0<a href=\"https:\/\/www.facebook.com\/CaririEmAcao\/?ref=aymt_homepage_panel\">Facebook<\/a>,\u00a0<a href=\"https:\/\/www.instagram.com\/cariri_em_acao\/?hl=pt-br\">Instagram<\/a>\u00a0e <a href=\"https:\/\/www.youtube.com\/channel\/UCAptA0jQuYQy8vMhLt2m4qg\">Youtube<\/a>\u00a0e veja nossas mat\u00e9rias, v\u00eddeos e fotos. Voc\u00ea tamb\u00e9m pode enviar informa\u00e7\u00f5es \u00e0 Reda\u00e7\u00e3o do Portal Cariri em A\u00e7\u00e3o pelo WhatsApp (83) 9 9634.5791, (83) 9 9601-1162.<\/p>\n<\/div>\n","protected":false},"excerpt":{"rendered":"<p>A Ag\u00eancia Nacional de Sa\u00fade Suplementar (ANS) decidiu ontem (30) revogar a Resolu\u00e7\u00e3o Normativa 433\/2018 que, entre outras mudan\u00e7as propostas, inclu\u00eda a cobran\u00e7a de coparticipa\u00e7\u00e3o&hellip; <\/p>\n","protected":false},"author":1,"featured_media":45191,"comment_status":"closed","ping_status":"closed","sticky":false,"template":"","format":"standard","meta":{"sfsi_plus_gutenberg_text_before_share":"","sfsi_plus_gutenberg_show_text_before_share":"","sfsi_plus_gutenberg_icon_type":"","sfsi_plus_gutenberg_icon_alignemt":"","sfsi_plus_gutenburg_max_per_row":"","footnotes":""},"categories":[16],"tags":[],"class_list":["post-59158","post","type-post","status-publish","format-standard","has-post-thumbnail","hentry","category-saude"],"_links":{"self":[{"href":"https:\/\/www.caririemacao.com\/1\/wp-json\/wp\/v2\/posts\/59158","targetHints":{"allow":["GET"]}}],"collection":[{"href":"https:\/\/www.caririemacao.com\/1\/wp-json\/wp\/v2\/posts"}],"about":[{"href":"https:\/\/www.caririemacao.com\/1\/wp-json\/wp\/v2\/types\/post"}],"author":[{"embeddable":true,"href":"https:\/\/www.caririemacao.com\/1\/wp-json\/wp\/v2\/users\/1"}],"replies":[{"embeddable":true,"href":"https:\/\/www.caririemacao.com\/1\/wp-json\/wp\/v2\/comments?post=59158"}],"version-history":[{"count":1,"href":"https:\/\/www.caririemacao.com\/1\/wp-json\/wp\/v2\/posts\/59158\/revisions"}],"predecessor-version":[{"id":59159,"href":"https:\/\/www.caririemacao.com\/1\/wp-json\/wp\/v2\/posts\/59158\/revisions\/59159"}],"wp:featuredmedia":[{"embeddable":true,"href":"https:\/\/www.caririemacao.com\/1\/wp-json\/wp\/v2\/media\/45191"}],"wp:attachment":[{"href":"https:\/\/www.caririemacao.com\/1\/wp-json\/wp\/v2\/media?parent=59158"}],"wp:term":[{"taxonomy":"category","embeddable":true,"href":"https:\/\/www.caririemacao.com\/1\/wp-json\/wp\/v2\/categories?post=59158"},{"taxonomy":"post_tag","embeddable":true,"href":"https:\/\/www.caririemacao.com\/1\/wp-json\/wp\/v2\/tags?post=59158"}],"curies":[{"name":"wp","href":"https:\/\/api.w.org\/{rel}","templated":true}]}}