{"id":59160,"date":"2018-07-31T09:36:56","date_gmt":"2018-07-31T12:36:56","guid":{"rendered":"http:\/\/caririemacao.com\/1\/?p=59160"},"modified":"2018-07-31T09:36:56","modified_gmt":"2018-07-31T12:36:56","slug":"policial-e-assassinado-no-aniversario-do-filho-sem-acreditar","status":"publish","type":"post","link":"https:\/\/www.caririemacao.com\/1\/2018\/07\/31\/policial-e-assassinado-no-aniversario-do-filho-sem-acreditar\/","title":{"rendered":"Policial \u00e9 assassinado no anivers\u00e1rio do filho: \u2018sem acreditar\u2019"},"content":{"rendered":"<p>Um subtenente aposentado da Pol\u00edcia Militar foi assassinado na noite deste domingo (29) quando comemorava o anivers\u00e1rio do filho em um bar no Bairro Parque S\u00e3o Jos\u00e9, em Fortaleza. \u201cVoc\u00ea perder seu pai no dia do seu anivers\u00e1rio e ver ele morrendo nos seu bra\u00e7os na frente da sua fam\u00edlia. Eu t\u00f4 ainda sem acreditar. N\u00e3o sei mensurar o tamanho da dor\u201d, disse o filho, Aliano Barbosa, 27 anos, \u00e0 TV Di\u00e1rio.<\/p>\n<div id=\"beacon_6de887d9c3\"><img decoding=\"async\" src=\"https:\/\/adserver.diariodosertao.com.br\/www\/delivery\/lg.php?bannerid=344&amp;campaignid=54&amp;zoneid=126&amp;loc=http%3A%2F%2Fwww.ceara1.com.br%2Fnoticias%2Fpolicial%2F270333%2Fpolicial-e-assassinado-no-aniversario-do-filho-em-fortaleza-sem-acreditar.html&amp;referer=http%3A%2F%2Fwww.resumopb.com%2F&amp;cb=6de887d9c3\" alt=\"\" width=\"0\" height=\"0\" \/>Os primeiros levantamentos realizados pelo Departamento de Homic\u00eddios e Prote\u00e7\u00e3o \u00e0 Pessoa (DHPP) n\u00e3o apontam que a morte do policial tenha liga\u00e7\u00e3o com os ataques criminosos a pr\u00e9dios e \u00f4nibus em Fortaleza e Regi\u00e3o Metropolitana, segundo a secretaria da Seguran\u00e7a P\u00fablica.<\/div>\n<p>Conforme o DHPP, o policial foi abordado por dois homens, que chegaram ao local em uma moto. Os criminosos atiraram contra a v\u00edtima na frente dos familiares e depois fugiram.<\/p>\n<p>O subtenente Juciano de Lima Barbosa, 53 anos, chegou a ser socorrido por uma ambul\u00e2ncia do Servi\u00e7o de Atendimento M\u00f3vel de Urg\u00eancia (Samu) para o Frotinha da Parangaba. No entanto, o PM n\u00e3o resistiu.<\/p>\n<p>\u2018<strong>Matou minha fam\u00edlia\u2019<\/strong><br \/>\nO filho do policial afirmou que o pai morreu em seus bra\u00e7os e na frente de toda fam\u00edlia e amigos. Ele descreveu o pai com um homem dedicado \u00e0 pol\u00edcia e querido por todos.<\/p>\n<p>O jovem desabafou ap\u00f3s o crime, afirmando que os criminosos destru\u00edram a fam\u00edlia. \u201cEle n\u00e3o tirou s\u00f3 a vida do meu pai, tirou a vida do meu irm\u00e3o, da minha fam\u00edlia. Queria saber o que pode acalentar essa dor que eu e minha fam\u00edlia estamos sentindo. Eu queria o meu pai de volta, s\u00f3 isso\u201d.<\/p>\n<p><strong>Investiga\u00e7\u00e3o<\/strong><br \/>\nA secretaria da Seguran\u00e7a informou que equipes das pol\u00edcias Civil e Militar fazem buscas para capturar os autores do crime. O Departamento de Homic\u00eddios e Prote\u00e7\u00e3o \u00e0 Pessoa (DHPP) est\u00e1 \u00e0 frente das investiga\u00e7\u00f5es.<\/p>\n<p><strong>CARIRI EM A\u00c7\u00c3O<\/strong><\/p>\n<p>Com G1 \/Foto: Reprodu\u00e7\u00e3o Internet<\/p>\n<p>Leia mais not\u00edcias em\u00a0<a href=\"http:\/\/www.caririemacao.com\/\">caririemacao.com<\/a>, siga nossa p\u00e1gina no\u00a0<a href=\"https:\/\/www.facebook.com\/CaririEmAcao\/?ref=aymt_homepage_panel\">Facebook<\/a>,\u00a0<a href=\"https:\/\/www.instagram.com\/cariri_em_acao\/?hl=pt-br\">Instagram<\/a>\u00a0e <a href=\"https:\/\/www.youtube.com\/channel\/UCAptA0jQuYQy8vMhLt2m4qg\">Youtube<\/a>\u00a0e veja nossas mat\u00e9rias, v\u00eddeos e fotos. Voc\u00ea tamb\u00e9m pode enviar informa\u00e7\u00f5es \u00e0 Reda\u00e7\u00e3o do Portal Cariri em A\u00e7\u00e3o pelo WhatsApp (83) 9 9634.5791, (83) 9 9601-1162.<\/p>\n","protected":false},"excerpt":{"rendered":"<p>Um subtenente aposentado da Pol\u00edcia Militar foi assassinado na noite deste domingo (29) quando comemorava o anivers\u00e1rio do filho em um bar no Bairro Parque&hellip; <\/p>\n","protected":false},"author":1,"featured_media":59161,"comment_status":"closed","ping_status":"closed","sticky":false,"template":"","format":"standard","meta":{"sfsi_plus_gutenberg_text_before_share":"","sfsi_plus_gutenberg_show_text_before_share":"","sfsi_plus_gutenberg_icon_type":"","sfsi_plus_gutenberg_icon_alignemt":"","sfsi_plus_gutenburg_max_per_row":"","footnotes":""},"categories":[12],"tags":[],"class_list":["post-59160","post","type-post","status-publish","format-standard","has-post-thumbnail","hentry","category-policia"],"_links":{"self":[{"href":"https:\/\/www.caririemacao.com\/1\/wp-json\/wp\/v2\/posts\/59160","targetHints":{"allow":["GET"]}}],"collection":[{"href":"https:\/\/www.caririemacao.com\/1\/wp-json\/wp\/v2\/posts"}],"about":[{"href":"https:\/\/www.caririemacao.com\/1\/wp-json\/wp\/v2\/types\/post"}],"author":[{"embeddable":true,"href":"https:\/\/www.caririemacao.com\/1\/wp-json\/wp\/v2\/users\/1"}],"replies":[{"embeddable":true,"href":"https:\/\/www.caririemacao.com\/1\/wp-json\/wp\/v2\/comments?post=59160"}],"version-history":[{"count":1,"href":"https:\/\/www.caririemacao.com\/1\/wp-json\/wp\/v2\/posts\/59160\/revisions"}],"predecessor-version":[{"id":59162,"href":"https:\/\/www.caririemacao.com\/1\/wp-json\/wp\/v2\/posts\/59160\/revisions\/59162"}],"wp:featuredmedia":[{"embeddable":true,"href":"https:\/\/www.caririemacao.com\/1\/wp-json\/wp\/v2\/media\/59161"}],"wp:attachment":[{"href":"https:\/\/www.caririemacao.com\/1\/wp-json\/wp\/v2\/media?parent=59160"}],"wp:term":[{"taxonomy":"category","embeddable":true,"href":"https:\/\/www.caririemacao.com\/1\/wp-json\/wp\/v2\/categories?post=59160"},{"taxonomy":"post_tag","embeddable":true,"href":"https:\/\/www.caririemacao.com\/1\/wp-json\/wp\/v2\/tags?post=59160"}],"curies":[{"name":"wp","href":"https:\/\/api.w.org\/{rel}","templated":true}]}}