{"id":59173,"date":"2018-07-31T09:44:30","date_gmt":"2018-07-31T12:44:30","guid":{"rendered":"http:\/\/caririemacao.com\/1\/?p=59173"},"modified":"2018-07-31T09:44:30","modified_gmt":"2018-07-31T12:44:30","slug":"veneziano-defende-nome-de-ligia-feliciano-como-vice-na-chapa-de-joao-azevedo","status":"publish","type":"post","link":"https:\/\/www.caririemacao.com\/1\/2018\/07\/31\/veneziano-defende-nome-de-ligia-feliciano-como-vice-na-chapa-de-joao-azevedo\/","title":{"rendered":"Veneziano defende nome de L\u00edgia Feliciano como vice na chapa de Jo\u00e3o Azevedo"},"content":{"rendered":"<p>O deputado\u00a0 federal e pr\u00e9-candidato a senador pelo PSB nas elei\u00e7\u00f5es desse ano, Veneziano Vital do Rego defendeu na tarde desta segunda-feira (30)\u00a0 o nome de L\u00edgia Feliciano para ser vice na chapa de Jo\u00e3o Azevedo (PSB).<\/p>\n<p>&#8221; Temos tamb\u00e9m o empres\u00e1rio Arthur Bolinha e outros nomes que est\u00e3o sendo apresentados pelos partidos aliados a exemplo do DEM e do PTB, mas n\u00e3o precisamos nos precipitar na escolha, pois temos bons nomes&#8221;, comentou.<\/p>\n<p>Ele afirmou ainda que a sua esposa, Ana Cl\u00e1udia ser\u00e1 candidata a deputada federal a convite no pr\u00f3prio governador Ricardo Coutinho. &#8221; N\u00e3o posso negar que o desejo inicial era para que ela fosse candidata a deputada estadual, mas o governador Ricardo Coutinho sugeriu que fosse para a C\u00e2mara Federal&#8221;, afirmou o deputado durante entrevista ao Programa Arapuan Verdade do Sistema Arapuan de Comunica\u00e7\u00e3o.<\/p>\n<p>Para veneziano, al\u00e9m da experi\u00eancia administrativa que acumulou por ter ocupado v\u00e1rios cargos p\u00fablicos, a elei\u00e7\u00e3o de Ana Cl\u00e1udia ir\u00e1 aumentar a presen\u00e7a feminina na C\u00e2mara Federal, que, segundo o parlamentar, ainda \u00e9 muito reduzida. Ela tem condi\u00e7\u00f5es e predicados para disputar essa vaga&#8217;, garantiu.<\/p>\n<p>Sob a possibilidade Ana Cl\u00e1udia fazer parte na chapa majorit\u00e1ria como vice de Jo\u00e3o Azevedo, Veneziano Vital disse que isso n\u00e3o teria nenhum cabimento.<\/p>\n<p><strong>CARIRI EM A\u00c7\u00c3O<\/strong><\/p>\n<p>Com Para\u00edba.com.br \/Foto: Reprodu\u00e7\u00e3o Internet<\/p>\n<p>Leia mais not\u00edcias em\u00a0<a href=\"http:\/\/www.caririemacao.com\/\">caririemacao.com<\/a>, siga nossa p\u00e1gina no\u00a0<a href=\"https:\/\/www.facebook.com\/CaririEmAcao\/?ref=aymt_homepage_panel\">Facebook<\/a>,\u00a0<a href=\"https:\/\/www.instagram.com\/cariri_em_acao\/?hl=pt-br\">Instagram<\/a>\u00a0e <a href=\"https:\/\/www.youtube.com\/channel\/UCAptA0jQuYQy8vMhLt2m4qg\">Youtube<\/a>\u00a0e veja nossas mat\u00e9rias, v\u00eddeos e fotos. Voc\u00ea tamb\u00e9m pode enviar informa\u00e7\u00f5es \u00e0 Reda\u00e7\u00e3o do Portal Cariri em A\u00e7\u00e3o pelo WhatsApp (83) 9 9634.5791, (83) 9 9601-1162.<\/p>\n","protected":false},"excerpt":{"rendered":"<p>O deputado\u00a0 federal e pr\u00e9-candidato a senador pelo PSB nas elei\u00e7\u00f5es desse ano, Veneziano Vital do Rego defendeu na tarde desta segunda-feira (30)\u00a0 o nome&hellip; <\/p>\n","protected":false},"author":1,"featured_media":59175,"comment_status":"closed","ping_status":"closed","sticky":false,"template":"","format":"standard","meta":{"sfsi_plus_gutenberg_text_before_share":"","sfsi_plus_gutenberg_show_text_before_share":"","sfsi_plus_gutenberg_icon_type":"","sfsi_plus_gutenberg_icon_alignemt":"","sfsi_plus_gutenburg_max_per_row":"","footnotes":""},"categories":[11],"tags":[],"class_list":["post-59173","post","type-post","status-publish","format-standard","has-post-thumbnail","hentry","category-politica"],"_links":{"self":[{"href":"https:\/\/www.caririemacao.com\/1\/wp-json\/wp\/v2\/posts\/59173","targetHints":{"allow":["GET"]}}],"collection":[{"href":"https:\/\/www.caririemacao.com\/1\/wp-json\/wp\/v2\/posts"}],"about":[{"href":"https:\/\/www.caririemacao.com\/1\/wp-json\/wp\/v2\/types\/post"}],"author":[{"embeddable":true,"href":"https:\/\/www.caririemacao.com\/1\/wp-json\/wp\/v2\/users\/1"}],"replies":[{"embeddable":true,"href":"https:\/\/www.caririemacao.com\/1\/wp-json\/wp\/v2\/comments?post=59173"}],"version-history":[{"count":1,"href":"https:\/\/www.caririemacao.com\/1\/wp-json\/wp\/v2\/posts\/59173\/revisions"}],"predecessor-version":[{"id":59176,"href":"https:\/\/www.caririemacao.com\/1\/wp-json\/wp\/v2\/posts\/59173\/revisions\/59176"}],"wp:featuredmedia":[{"embeddable":true,"href":"https:\/\/www.caririemacao.com\/1\/wp-json\/wp\/v2\/media\/59175"}],"wp:attachment":[{"href":"https:\/\/www.caririemacao.com\/1\/wp-json\/wp\/v2\/media?parent=59173"}],"wp:term":[{"taxonomy":"category","embeddable":true,"href":"https:\/\/www.caririemacao.com\/1\/wp-json\/wp\/v2\/categories?post=59173"},{"taxonomy":"post_tag","embeddable":true,"href":"https:\/\/www.caririemacao.com\/1\/wp-json\/wp\/v2\/tags?post=59173"}],"curies":[{"name":"wp","href":"https:\/\/api.w.org\/{rel}","templated":true}]}}