{"id":59179,"date":"2018-07-31T09:52:52","date_gmt":"2018-07-31T12:52:52","guid":{"rendered":"http:\/\/caririemacao.com\/1\/?p=59179"},"modified":"2018-07-31T09:52:52","modified_gmt":"2018-07-31T12:52:52","slug":"morre-em-joao-pessoa-escritora-e-historiadora-paraibana","status":"publish","type":"post","link":"https:\/\/www.caririemacao.com\/1\/2018\/07\/31\/morre-em-joao-pessoa-escritora-e-historiadora-paraibana\/","title":{"rendered":"Morre em Jo\u00e3o Pessoa escritora e historiadora paraibana"},"content":{"rendered":"<div class=\"titulo\">\n<p>\u00a0Ascom. Publicado em 31 de julho de 2018 \u00e0s 9:44.<\/p>\n<\/div>\n<div class=\"content\">\n<p>Faleceu na noite desta segunda-feira (30), em Jo\u00e3o Pessoa, a escritora e historiadora Lourdinha Luna, ex-secret\u00e1ria de Jos\u00e9 Am\u00e9rico e de outras personalidades paraibanas.<\/p>\n<p>Ela foi acometida de embolia pulmonar e outras complica\u00e7\u00f5es no quadro de sa\u00fade<\/p>\n<p>O corpo est\u00e1 sendo velado no Sal\u00e3o Nobre da Funda\u00e7\u00e3o Casa de Jos\u00e9 Am\u00e9rico, at\u00e9 as 16h de hoje, de onde sair\u00e1 o f\u00e9retro para o Cremat\u00f3rio\u00a0 Caminho da Paz, em Cabedelo.<\/p>\n<p>Com nome de batismo Maria de Lourdes Lemos de Luna, Lourdinha Luna, com 92 anos, nasceu em Areia, estudou em Jo\u00e3o Pessoa e complementou sua forma\u00e7\u00e3o na Funda\u00e7\u00e3o Get\u00falio Vargas, no Rio de Janeiro. Era funcion\u00e1ria p\u00fablica aposentada. Como secret\u00e1ria particular do ministro Jos\u00e9 Am\u00e9rico de Almeida, colaborou na elabora\u00e7\u00e3o de sua correspond\u00eancia, livros, confer\u00eancias e discursos.<\/p>\n<p>Ap\u00f3s a morte de Jos\u00e9 Am\u00e9rico, empenhou-se para que sua resid\u00eancia abrigasse uma institui\u00e7\u00e3o cultural e de pesquisas sociais, como guardi\u00e3 da obra liter\u00e1ria do patrono.<\/p>\n<p>Criada a Funda\u00e7\u00e3o Casa de Jos\u00e9 Am\u00e9rico, nunca aceitou cargos de relev\u00e2ncia, ficando na fun\u00e7\u00e3o de secret\u00e1ria do Conselho Deliberativo, cargo que exerceu por mais de 20 anos.<\/p>\n<p>Lourdinha Luna era membro da Academia Feminina de Letras e Artes da Para\u00edba e da Academia de Letras de Areia.<\/p>\n<p><strong>CARIRI EM A\u00c7\u00c3O<\/strong><\/p>\n<p>Com Ascom \/Foto: Reprodu\u00e7\u00e3o Internet, Divulga\u00e7\u00e3o<\/p>\n<p>Leia mais not\u00edcias em\u00a0<a href=\"http:\/\/www.caririemacao.com\/\">caririemacao.com<\/a>, siga nossa p\u00e1gina no\u00a0<a href=\"https:\/\/www.facebook.com\/CaririEmAcao\/?ref=aymt_homepage_panel\">Facebook<\/a>,\u00a0<a href=\"https:\/\/www.instagram.com\/cariri_em_acao\/?hl=pt-br\">Instagram<\/a>\u00a0e <a href=\"https:\/\/www.youtube.com\/channel\/UCAptA0jQuYQy8vMhLt2m4qg\">Youtube<\/a>\u00a0e veja nossas mat\u00e9rias, v\u00eddeos e fotos. Voc\u00ea tamb\u00e9m pode enviar informa\u00e7\u00f5es \u00e0 Reda\u00e7\u00e3o do Portal Cariri em A\u00e7\u00e3o pelo WhatsApp (83) 9 9634.5791, (83) 9 9601-1162.<\/p>\n<\/div>\n","protected":false},"excerpt":{"rendered":"<p>\u00a0Ascom. Publicado em 31 de julho de 2018 \u00e0s 9:44. Faleceu na noite desta segunda-feira (30), em Jo\u00e3o Pessoa, a escritora e historiadora Lourdinha Luna,&hellip; <\/p>\n","protected":false},"author":1,"featured_media":59180,"comment_status":"closed","ping_status":"closed","sticky":false,"template":"","format":"standard","meta":{"sfsi_plus_gutenberg_text_before_share":"","sfsi_plus_gutenberg_show_text_before_share":"","sfsi_plus_gutenberg_icon_type":"","sfsi_plus_gutenberg_icon_alignemt":"","sfsi_plus_gutenburg_max_per_row":"","footnotes":""},"categories":[2],"tags":[],"class_list":["post-59179","post","type-post","status-publish","format-standard","has-post-thumbnail","hentry","category-geral"],"_links":{"self":[{"href":"https:\/\/www.caririemacao.com\/1\/wp-json\/wp\/v2\/posts\/59179","targetHints":{"allow":["GET"]}}],"collection":[{"href":"https:\/\/www.caririemacao.com\/1\/wp-json\/wp\/v2\/posts"}],"about":[{"href":"https:\/\/www.caririemacao.com\/1\/wp-json\/wp\/v2\/types\/post"}],"author":[{"embeddable":true,"href":"https:\/\/www.caririemacao.com\/1\/wp-json\/wp\/v2\/users\/1"}],"replies":[{"embeddable":true,"href":"https:\/\/www.caririemacao.com\/1\/wp-json\/wp\/v2\/comments?post=59179"}],"version-history":[{"count":1,"href":"https:\/\/www.caririemacao.com\/1\/wp-json\/wp\/v2\/posts\/59179\/revisions"}],"predecessor-version":[{"id":59181,"href":"https:\/\/www.caririemacao.com\/1\/wp-json\/wp\/v2\/posts\/59179\/revisions\/59181"}],"wp:featuredmedia":[{"embeddable":true,"href":"https:\/\/www.caririemacao.com\/1\/wp-json\/wp\/v2\/media\/59180"}],"wp:attachment":[{"href":"https:\/\/www.caririemacao.com\/1\/wp-json\/wp\/v2\/media?parent=59179"}],"wp:term":[{"taxonomy":"category","embeddable":true,"href":"https:\/\/www.caririemacao.com\/1\/wp-json\/wp\/v2\/categories?post=59179"},{"taxonomy":"post_tag","embeddable":true,"href":"https:\/\/www.caririemacao.com\/1\/wp-json\/wp\/v2\/tags?post=59179"}],"curies":[{"name":"wp","href":"https:\/\/api.w.org\/{rel}","templated":true}]}}