{"id":59182,"date":"2018-07-31T09:56:17","date_gmt":"2018-07-31T12:56:17","guid":{"rendered":"http:\/\/caririemacao.com\/1\/?p=59182"},"modified":"2018-07-31T09:56:17","modified_gmt":"2018-07-31T12:56:17","slug":"secretario-de-saude-de-amparo-participou-do-34o-congresso-do-conasems","status":"publish","type":"post","link":"https:\/\/www.caririemacao.com\/1\/2018\/07\/31\/secretario-de-saude-de-amparo-participou-do-34o-congresso-do-conasems\/","title":{"rendered":"Secret\u00e1rio de Sa\u00fade de Amparo participou do 34\u00ba Congresso do CONASEMS"},"content":{"rendered":"<p style=\"font-weight: 400;\">O Secret\u00e1rio de Sa\u00fade de Amparo Dr\u00ba Jussi\u00ea Lopes de Lacerda esteve participando na ultima semana, do 34\u00ba Congresso Nacional de Secretarias Municipais de Sa\u00fade e 6\u00ba Congresso Norte e Nordeste realizado em Bel\u00e9m-PA.<\/p>\n<p style=\"font-weight: 400;\">Al\u00e9m de todas as reuni\u00f5es e palestras, no evento foram premiados os projetos selecionados para a Mostra Brasil, aqui tem SUS 14 experi\u00eancias exitosas por sala, 38 por categoria e uma por estado para a grava\u00e7\u00e3o de um webdocument\u00e1rio que ser\u00e1 lan\u00e7ado na terceira temporada dos webdocs Brasil, aqui tem SUS.<\/p>\n<p style=\"font-weight: 400;\">O Conselho Nacional de Secretarias municipais de Sa\u00fade \u2013 CONASEMS \u2013 nasceu a partir do movimento social em prol da sa\u00fade p\u00fablica e se legitimou como uma for\u00e7a pol\u00edtica, que assumiu a miss\u00e3o de agregar e de representar o conjunto de todas as secretarias municipais de sa\u00fade do pa\u00eds.<\/p>\n<p style=\"font-weight: 400;\">Desde 1988 promove e consolida um novo modelo de gest\u00e3o p\u00fablica de sa\u00fade alicer\u00e7ado em conceitos como descentraliza\u00e7\u00e3o e municipaliza\u00e7\u00e3o.<\/p>\n<p style=\"font-weight: 400;\">Assumiu o desafio de romper com a estrutura centralista de decis\u00f5es impostas de cima para baixo, que desconsideravam as especificidades e as demandas de cada munic\u00edpio brasileiro. Prop\u00f4s uma f\u00f3rmula de gest\u00e3o democr\u00e1tica para a sa\u00fade, atribuindo aos munic\u00edpios um papel que n\u00e3o fosse o de meros coadjuvantes, fazendo jus aos preceitos constitucionais de formula\u00e7\u00e3o do Sistema \u00danico de Sa\u00fade (SUS).<\/p>\n<p style=\"font-weight: 400;\">Defendeu de forma incondicional que o sistema p\u00fablico de sa\u00fade seria mais eficaz \u00e0 medida que os munic\u00edpios deixassem de ser somente executores de a\u00e7\u00f5es, e assumissem tamb\u00e9m o papel de formuladores de pol\u00edticas p\u00fablicas. Como art\u00edfice de um plano de inclus\u00e3o social, o CONASEMS passou a auxiliar os munic\u00edpios na formula\u00e7\u00e3o de estrat\u00e9gias voltadas ao aperfei\u00e7oamento dos seus respectivos sistemas de sa\u00fade, primando pelo interc\u00e2mbio de informa\u00e7\u00f5es e pela coopera\u00e7\u00e3o t\u00e9cnica.<\/p>\n<p style=\"font-weight: 400;\">Hoje tem seu espa\u00e7o pol\u00edtico e sua luta reconhecida nas inst\u00e2ncias federais, incluindo na pauta de discuss\u00f5es da sa\u00fade grandes temas de interesse como financiamento p\u00fablico, recursos humanos e defesa dos princ\u00edpios do Sistema \u00danico de Sa\u00fade.<\/p>\n<p><strong>CARIRI EM A\u00c7\u00c3O<\/strong><\/p>\n<p>Com Amparo Ligado\/Foto: Reprodu\u00e7\u00e3o Internet<\/p>\n<p>Leia mais not\u00edcias em\u00a0<a href=\"http:\/\/www.caririemacao.com\/\">caririemacao.com<\/a>, siga nossa p\u00e1gina no\u00a0<a href=\"https:\/\/www.facebook.com\/CaririEmAcao\/?ref=aymt_homepage_panel\">Facebook<\/a>,\u00a0<a href=\"https:\/\/www.instagram.com\/cariri_em_acao\/?hl=pt-br\">Instagram<\/a>\u00a0e <a href=\"https:\/\/www.youtube.com\/channel\/UCAptA0jQuYQy8vMhLt2m4qg\">Youtube<\/a>\u00a0e veja nossas mat\u00e9rias, v\u00eddeos e fotos. Voc\u00ea tamb\u00e9m pode enviar informa\u00e7\u00f5es \u00e0 Reda\u00e7\u00e3o do Portal Cariri em A\u00e7\u00e3o pelo WhatsApp (83) 9 9634.5791, (83) 9 9601-1162.<\/p>\n","protected":false},"excerpt":{"rendered":"<p>O Secret\u00e1rio de Sa\u00fade de Amparo Dr\u00ba Jussi\u00ea Lopes de Lacerda esteve participando na ultima semana, do 34\u00ba Congresso Nacional de Secretarias Municipais de Sa\u00fade&hellip; <\/p>\n","protected":false},"author":1,"featured_media":59183,"comment_status":"closed","ping_status":"closed","sticky":false,"template":"","format":"standard","meta":{"sfsi_plus_gutenberg_text_before_share":"","sfsi_plus_gutenberg_show_text_before_share":"","sfsi_plus_gutenberg_icon_type":"","sfsi_plus_gutenberg_icon_alignemt":"","sfsi_plus_gutenburg_max_per_row":"","footnotes":""},"categories":[16],"tags":[],"class_list":["post-59182","post","type-post","status-publish","format-standard","has-post-thumbnail","hentry","category-saude"],"_links":{"self":[{"href":"https:\/\/www.caririemacao.com\/1\/wp-json\/wp\/v2\/posts\/59182","targetHints":{"allow":["GET"]}}],"collection":[{"href":"https:\/\/www.caririemacao.com\/1\/wp-json\/wp\/v2\/posts"}],"about":[{"href":"https:\/\/www.caririemacao.com\/1\/wp-json\/wp\/v2\/types\/post"}],"author":[{"embeddable":true,"href":"https:\/\/www.caririemacao.com\/1\/wp-json\/wp\/v2\/users\/1"}],"replies":[{"embeddable":true,"href":"https:\/\/www.caririemacao.com\/1\/wp-json\/wp\/v2\/comments?post=59182"}],"version-history":[{"count":1,"href":"https:\/\/www.caririemacao.com\/1\/wp-json\/wp\/v2\/posts\/59182\/revisions"}],"predecessor-version":[{"id":59184,"href":"https:\/\/www.caririemacao.com\/1\/wp-json\/wp\/v2\/posts\/59182\/revisions\/59184"}],"wp:featuredmedia":[{"embeddable":true,"href":"https:\/\/www.caririemacao.com\/1\/wp-json\/wp\/v2\/media\/59183"}],"wp:attachment":[{"href":"https:\/\/www.caririemacao.com\/1\/wp-json\/wp\/v2\/media?parent=59182"}],"wp:term":[{"taxonomy":"category","embeddable":true,"href":"https:\/\/www.caririemacao.com\/1\/wp-json\/wp\/v2\/categories?post=59182"},{"taxonomy":"post_tag","embeddable":true,"href":"https:\/\/www.caririemacao.com\/1\/wp-json\/wp\/v2\/tags?post=59182"}],"curies":[{"name":"wp","href":"https:\/\/api.w.org\/{rel}","templated":true}]}}