{"id":59188,"date":"2018-07-31T10:06:12","date_gmt":"2018-07-31T13:06:12","guid":{"rendered":"http:\/\/caririemacao.com\/1\/?p=59188"},"modified":"2018-07-31T10:06:12","modified_gmt":"2018-07-31T13:06:12","slug":"conjunto-habitacional-8-de-marco-comecara-receber-pavimentacao-em-paralelepipedo","status":"publish","type":"post","link":"https:\/\/www.caririemacao.com\/1\/2018\/07\/31\/conjunto-habitacional-8-de-marco-comecara-receber-pavimentacao-em-paralelepipedo\/","title":{"rendered":"Conjunto Habitacional 8 de Mar\u00e7o come\u00e7ar\u00e1 receber pavimenta\u00e7\u00e3o em paralelep\u00edpedo"},"content":{"rendered":"<p>A Prefeitura Municipal de Amparo estar\u00e1 garantindo aos moradores do Conjunto Habitacional 8 de Mar\u00e7o, maior acessibilidade e consequentemente garantindo melhoria na qualidade de vida dos moradores daquela localidade por meio da pavimenta\u00e7\u00e3o em paralelep\u00edpedo nas ruas: Jo\u00e3o Amaro Pereira, Jos\u00e9 Adalto do Nascimento, Jos\u00e9 Pereira de Vasconcelos e Edgar Vilarim &#8211; conforme quadro demonstrativo.<\/p>\n<p>O benef\u00edcio que est\u00e1 chegando \u00e0 popula\u00e7\u00e3o \u00e9 parte do resultado da atua\u00e7\u00e3o do prefeito In\u00e1cio N\u00f3brega junto aos parlamentares que tem atua\u00e7\u00e3o pol\u00edtica no munic\u00edpio, os recursos ora destinados a esta obra estruturante \u00e9 emenda parlamentar do deputado federal Benjamin Maranh\u00e3o, que tamb\u00e9m destinou recursos para pavimenta\u00e7\u00e3o asf\u00e1ltica da avenida Vereador Cicero Soares no centro da cidade.<\/p>\n<p>Por meio de obras estruturantes, a gest\u00e3o municipal de Amparo, vem buscando oferecer as ruas e avenidas da cidade, al\u00e9m de melhoria de vida, atrav\u00e9s da sa\u00fade preventiva, com ruas pavimentadas e dispondo de saneamento b\u00e1sico, tamb\u00e9m, ofertar sofistica\u00e7\u00e3o, beleza, sustentabilidade e durabilidade.<\/p>\n<p>Para o prefeito In\u00e1cio N\u00f3brega, \u00e9 necess\u00e1rio que esses investimentos continuem acontecendo e garante que \u00e0 administra\u00e7\u00e3o tratar\u00e1 com zelo, a melhoria do ambiente para uma vida mais saud\u00e1vel para a popula\u00e7\u00e3o.<\/p>\n<p>Ainda segundo o prefeito, as obras s\u00e3o de grande import\u00e2ncia para a cidade e chegam em boa hora. \u201cEsse servi\u00e7o garantir\u00e1 mais qualidade de vida aos moradores -Iniciamos as obras de pavimenta\u00e7\u00e3o de ruas e brevemente da avenida principal do munic\u00edpio, no intuito de estarmos ofertando mais sa\u00fade e qualidade de vida a popula\u00e7\u00e3o, al\u00e9m de melhorar consideravelmente a trafegabilidade em nossa cidade.<\/p>\n<p><strong>CARIRI EM A\u00c7\u00c3O<\/strong><\/p>\n<p>Com Ascom\/Foto: Reprodu\u00e7\u00e3o Internet<\/p>\n<p>Leia mais not\u00edcias em\u00a0<a href=\"http:\/\/www.caririemacao.com\/\">caririemacao.com<\/a>, siga nossa p\u00e1gina no\u00a0<a href=\"https:\/\/www.facebook.com\/CaririEmAcao\/?ref=aymt_homepage_panel\">Facebook<\/a>,\u00a0<a href=\"https:\/\/www.instagram.com\/cariri_em_acao\/?hl=pt-br\">Instagram<\/a>\u00a0e <a href=\"https:\/\/www.youtube.com\/channel\/UCAptA0jQuYQy8vMhLt2m4qg\">Youtube<\/a>\u00a0e veja nossas mat\u00e9rias, v\u00eddeos e fotos. Voc\u00ea tamb\u00e9m pode enviar informa\u00e7\u00f5es \u00e0 Reda\u00e7\u00e3o do Portal Cariri em A\u00e7\u00e3o pelo WhatsApp (83) 9 9634.5791, (83) 9 9601-1162.<\/p>\n","protected":false},"excerpt":{"rendered":"<p>A Prefeitura Municipal de Amparo estar\u00e1 garantindo aos moradores do Conjunto Habitacional 8 de Mar\u00e7o, maior acessibilidade e consequentemente garantindo melhoria na qualidade de vida&hellip; <\/p>\n","protected":false},"author":1,"featured_media":59189,"comment_status":"closed","ping_status":"closed","sticky":false,"template":"","format":"standard","meta":{"sfsi_plus_gutenberg_text_before_share":"","sfsi_plus_gutenberg_show_text_before_share":"","sfsi_plus_gutenberg_icon_type":"","sfsi_plus_gutenberg_icon_alignemt":"","sfsi_plus_gutenburg_max_per_row":"","footnotes":""},"categories":[6],"tags":[],"class_list":["post-59188","post","type-post","status-publish","format-standard","has-post-thumbnail","hentry","category-cidades"],"_links":{"self":[{"href":"https:\/\/www.caririemacao.com\/1\/wp-json\/wp\/v2\/posts\/59188","targetHints":{"allow":["GET"]}}],"collection":[{"href":"https:\/\/www.caririemacao.com\/1\/wp-json\/wp\/v2\/posts"}],"about":[{"href":"https:\/\/www.caririemacao.com\/1\/wp-json\/wp\/v2\/types\/post"}],"author":[{"embeddable":true,"href":"https:\/\/www.caririemacao.com\/1\/wp-json\/wp\/v2\/users\/1"}],"replies":[{"embeddable":true,"href":"https:\/\/www.caririemacao.com\/1\/wp-json\/wp\/v2\/comments?post=59188"}],"version-history":[{"count":1,"href":"https:\/\/www.caririemacao.com\/1\/wp-json\/wp\/v2\/posts\/59188\/revisions"}],"predecessor-version":[{"id":59190,"href":"https:\/\/www.caririemacao.com\/1\/wp-json\/wp\/v2\/posts\/59188\/revisions\/59190"}],"wp:featuredmedia":[{"embeddable":true,"href":"https:\/\/www.caririemacao.com\/1\/wp-json\/wp\/v2\/media\/59189"}],"wp:attachment":[{"href":"https:\/\/www.caririemacao.com\/1\/wp-json\/wp\/v2\/media?parent=59188"}],"wp:term":[{"taxonomy":"category","embeddable":true,"href":"https:\/\/www.caririemacao.com\/1\/wp-json\/wp\/v2\/categories?post=59188"},{"taxonomy":"post_tag","embeddable":true,"href":"https:\/\/www.caririemacao.com\/1\/wp-json\/wp\/v2\/tags?post=59188"}],"curies":[{"name":"wp","href":"https:\/\/api.w.org\/{rel}","templated":true}]}}