{"id":59191,"date":"2018-07-31T05:06:54","date_gmt":"2018-07-31T08:06:54","guid":{"rendered":"http:\/\/caririemacao.com\/1\/?p=59191"},"modified":"2018-07-31T10:12:44","modified_gmt":"2018-07-31T13:12:44","slug":"liderancas-de-s-s-do-umbuzeiro-participam-do-encontro-do-psb-em-sume","status":"publish","type":"post","link":"https:\/\/www.caririemacao.com\/1\/2018\/07\/31\/liderancas-de-s-s-do-umbuzeiro-participam-do-encontro-do-psb-em-sume\/","title":{"rendered":"Lideran\u00e7as de S. S. do Umbuzeiro participam do Encontro do PSB em Sum\u00e9"},"content":{"rendered":"<p>Uma comitiva de lideran\u00e7as pol\u00edticas de S\u00e3o Sebasti\u00e3o do Umbuzeiro liderados pelo prefeito Adriano Wolff, participaram nesta sexta-feira (27), do Encontro Regional do PSB com lideran\u00e7as na cidade de Sum\u00e9, com a presen\u00e7a do pr\u00e9-candidato a governador Jo\u00e3o Azev\u00eado, do governador Ricardo Coutinho, e do pre-candidato ao Senado, Veneziano Vital.<\/p>\n<p>Estiveram na comitiva al\u00e9m do prefeito AdrIano, o ex-prefeito Chico Neves, o vice-prefeito Chico Mariano, a primeira-dama Melina Moreno, os vereadores Dennis e Celinha, entre outros.<\/p>\n<p>Adriano Wolff avaliou o encontro como positivo e defendeu a continuidade do projeto de gest\u00e3o do PSB, afirmando que o ex-secret\u00e1rio Jo\u00e3o Azev\u00eado tem todos os requisitos para governar nosso Estado.<\/p>\n<p><strong>CARIRI EM A\u00c7\u00c3O<\/strong><\/p>\n<p>Com Blog do Didi\/Foto: Reprodu\u00e7\u00e3o Internet<\/p>\n<p>Leia mais not\u00edcias em\u00a0<a href=\"http:\/\/www.caririemacao.com\/\">caririemacao.com<\/a>, siga nossa p\u00e1gina no\u00a0<a href=\"https:\/\/www.facebook.com\/CaririEmAcao\/?ref=aymt_homepage_panel\">Facebook<\/a>,\u00a0<a href=\"https:\/\/www.instagram.com\/cariri_em_acao\/?hl=pt-br\">Instagram<\/a>\u00a0e <a href=\"https:\/\/www.youtube.com\/channel\/UCAptA0jQuYQy8vMhLt2m4qg\">Youtube<\/a>\u00a0e veja nossas mat\u00e9rias, v\u00eddeos e fotos. Voc\u00ea tamb\u00e9m pode enviar informa\u00e7\u00f5es \u00e0 Reda\u00e7\u00e3o do Portal Cariri em A\u00e7\u00e3o pelo WhatsApp (83) 9 9634.5791, (83) 9 9601-1162.<\/p>\n","protected":false},"excerpt":{"rendered":"<p>Uma comitiva de lideran\u00e7as pol\u00edticas de S\u00e3o Sebasti\u00e3o do Umbuzeiro liderados pelo prefeito Adriano Wolff, participaram nesta sexta-feira (27), do Encontro Regional do PSB com&hellip; <\/p>\n","protected":false},"author":1,"featured_media":59192,"comment_status":"closed","ping_status":"closed","sticky":false,"template":"","format":"standard","meta":{"sfsi_plus_gutenberg_text_before_share":"","sfsi_plus_gutenberg_show_text_before_share":"","sfsi_plus_gutenberg_icon_type":"","sfsi_plus_gutenberg_icon_alignemt":"","sfsi_plus_gutenburg_max_per_row":"","footnotes":""},"categories":[6],"tags":[],"class_list":["post-59191","post","type-post","status-publish","format-standard","has-post-thumbnail","hentry","category-cidades"],"_links":{"self":[{"href":"https:\/\/www.caririemacao.com\/1\/wp-json\/wp\/v2\/posts\/59191","targetHints":{"allow":["GET"]}}],"collection":[{"href":"https:\/\/www.caririemacao.com\/1\/wp-json\/wp\/v2\/posts"}],"about":[{"href":"https:\/\/www.caririemacao.com\/1\/wp-json\/wp\/v2\/types\/post"}],"author":[{"embeddable":true,"href":"https:\/\/www.caririemacao.com\/1\/wp-json\/wp\/v2\/users\/1"}],"replies":[{"embeddable":true,"href":"https:\/\/www.caririemacao.com\/1\/wp-json\/wp\/v2\/comments?post=59191"}],"version-history":[{"count":1,"href":"https:\/\/www.caririemacao.com\/1\/wp-json\/wp\/v2\/posts\/59191\/revisions"}],"predecessor-version":[{"id":59193,"href":"https:\/\/www.caririemacao.com\/1\/wp-json\/wp\/v2\/posts\/59191\/revisions\/59193"}],"wp:featuredmedia":[{"embeddable":true,"href":"https:\/\/www.caririemacao.com\/1\/wp-json\/wp\/v2\/media\/59192"}],"wp:attachment":[{"href":"https:\/\/www.caririemacao.com\/1\/wp-json\/wp\/v2\/media?parent=59191"}],"wp:term":[{"taxonomy":"category","embeddable":true,"href":"https:\/\/www.caririemacao.com\/1\/wp-json\/wp\/v2\/categories?post=59191"},{"taxonomy":"post_tag","embeddable":true,"href":"https:\/\/www.caririemacao.com\/1\/wp-json\/wp\/v2\/tags?post=59191"}],"curies":[{"name":"wp","href":"https:\/\/api.w.org\/{rel}","templated":true}]}}