{"id":59194,"date":"2018-07-31T10:19:35","date_gmt":"2018-07-31T13:19:35","guid":{"rendered":"http:\/\/caririemacao.com\/1\/?p=59194"},"modified":"2018-07-31T10:19:35","modified_gmt":"2018-07-31T13:19:35","slug":"derlis-gonzalez-assina-contrato-de-emprestimo-ao-santos","status":"publish","type":"post","link":"https:\/\/www.caririemacao.com\/1\/2018\/07\/31\/derlis-gonzalez-assina-contrato-de-emprestimo-ao-santos\/","title":{"rendered":"Derlis Gonz\u00e1lez assina contrato de empr\u00e9stimo ao Santos"},"content":{"rendered":"<p class=\"selectionShareable\">O Santos acertou a contrata\u00e7\u00e3o de Derlis Gonz\u00e1lez nesta ter\u00e7a-feira. O Peixe publicou em suas redes sociais uma foto do atacante assinando contrato de empr\u00e9stimo por duas temporadas.\u00a0O acerto foi antecipado pela Gazeta Esportiva.<\/p>\n<p class=\"selectionShareable\">Derlis foi trocado com Vitor Bueno junto ao D\u00ednamo de Kiev. O santista tamb\u00e9m foi cedido por dois anos.\u00a0Ambos renovaram seus contratos e ter\u00e3o o mesmo valor de compra fixado nos acordos \u2013 a quantia n\u00e3o foi divulgada pelos clubes.<\/p>\n<p class=\"selectionShareable\">A negocia\u00e7\u00e3o chegou a ser encerrada e\u00a0Derlis e seu empres\u00e1rio reclamaram da postura do presidente Jos\u00e9 Carlos Peres. O atleta acusou o clube de n\u00e3o cumprir acordo verbal. O Santos revelou exig\u00eancias fora do padr\u00e3o, como carro, casa e passagens de luxo. Dias depois as tratativas foram retomadas e um denominador comum foi alcan\u00e7ado.<\/p>\n<div id=\"container\" class=\"container\">\n<div id=\"content\" class=\"content\">\n<div class=\"single row-fluid\">\n<div id=\"post-2619211\" class=\"hentry p1 post publish author-willians-oliveira category-escolha-do-editor category-futebol category-todas-as-noticias category-santos tag-derlis-gonzalez tag-santos y2018 m07 d31 h09 post-\">\n<div class=\"entry-content content_geral col-lg-8 col-md-8 col-sm-8 col-xs-12\">\n<div class=\"conteudo_post\">\n<p class=\"selectionShareable\">A prioridade do D\u00ednamo de Kiev foi liberar o paraguaio ao Santos para contar com Vitor Bueno. Por esse motivo uma proposta do Ol\u00edmpia-PAR foi recusada e a janela do pa\u00eds se encerrou na \u00faltima sexta-feira. O atacante foi oferecido a alguns clubes recentemente, como Flamengo, Gr\u00eamio e Internacional, sem sucesso.<\/p>\n<p class=\"selectionShareable\">Com Derlis Gonz\u00e1lez, o Santos tem seu terceiro refor\u00e7o estrangeiro para o segundo semestre. Bryan Ruiz e Carlos S\u00e1nchez j\u00e1 foram apresentados. H\u00e1 ainda a procura por meio-campista defensivo\u00a0e, principalmente, um centroavante.<\/p>\n<p class=\"selectionShareable\">Derlis tem 24 anos, 1,72m de altura e \u00e9 polivalente.\u00a0No D\u00ednamo, jogou aberto pela esquerda. Na sele\u00e7\u00e3o do Paraguai, o atacante \u00e9 utilizado pela direita. E as fun\u00e7\u00f5es de meia e segundo atacantes j\u00e1 foram desempenhadas. Ele foi revelado pelo Rubio \u00d1u e passou pelo Benfica B, Guarani, Olimpia e Basel. O atacante tem contrato at\u00e9 junho de 2020.<\/p>\n<p><strong>CARIRI EM A\u00c7\u00c3O<\/strong><\/p>\n<p>Com Gazeta Esportiva\/Foto: Reprodu\u00e7\u00e3o Internet<\/p>\n<p>Leia mais not\u00edcias em\u00a0<a href=\"http:\/\/www.caririemacao.com\/\">caririemacao.com<\/a>, siga nossa p\u00e1gina no\u00a0<a href=\"https:\/\/www.facebook.com\/CaririEmAcao\/?ref=aymt_homepage_panel\">Facebook<\/a>,\u00a0<a href=\"https:\/\/www.instagram.com\/cariri_em_acao\/?hl=pt-br\">Instagram<\/a>\u00a0e <a href=\"https:\/\/www.youtube.com\/channel\/UCAptA0jQuYQy8vMhLt2m4qg\">Youtube<\/a>\u00a0e veja nossas mat\u00e9rias, v\u00eddeos e fotos. Voc\u00ea tamb\u00e9m pode enviar informa\u00e7\u00f5es \u00e0 Reda\u00e7\u00e3o do Portal Cariri em A\u00e7\u00e3o pelo WhatsApp (83) 9 9634.5791, (83) 9 9601-1162.<\/p>\n<\/div>\n<\/div>\n<\/div>\n<\/div>\n<\/div>\n<\/div>\n","protected":false},"excerpt":{"rendered":"<p>O Santos acertou a contrata\u00e7\u00e3o de Derlis Gonz\u00e1lez nesta ter\u00e7a-feira. O Peixe publicou em suas redes sociais uma foto do atacante assinando contrato de empr\u00e9stimo&hellip; <\/p>\n","protected":false},"author":1,"featured_media":59195,"comment_status":"closed","ping_status":"closed","sticky":false,"template":"","format":"standard","meta":{"sfsi_plus_gutenberg_text_before_share":"","sfsi_plus_gutenberg_show_text_before_share":"","sfsi_plus_gutenberg_icon_type":"","sfsi_plus_gutenberg_icon_alignemt":"","sfsi_plus_gutenburg_max_per_row":"","footnotes":""},"categories":[13],"tags":[],"class_list":["post-59194","post","type-post","status-publish","format-standard","has-post-thumbnail","hentry","category-esportes"],"_links":{"self":[{"href":"https:\/\/www.caririemacao.com\/1\/wp-json\/wp\/v2\/posts\/59194","targetHints":{"allow":["GET"]}}],"collection":[{"href":"https:\/\/www.caririemacao.com\/1\/wp-json\/wp\/v2\/posts"}],"about":[{"href":"https:\/\/www.caririemacao.com\/1\/wp-json\/wp\/v2\/types\/post"}],"author":[{"embeddable":true,"href":"https:\/\/www.caririemacao.com\/1\/wp-json\/wp\/v2\/users\/1"}],"replies":[{"embeddable":true,"href":"https:\/\/www.caririemacao.com\/1\/wp-json\/wp\/v2\/comments?post=59194"}],"version-history":[{"count":1,"href":"https:\/\/www.caririemacao.com\/1\/wp-json\/wp\/v2\/posts\/59194\/revisions"}],"predecessor-version":[{"id":59196,"href":"https:\/\/www.caririemacao.com\/1\/wp-json\/wp\/v2\/posts\/59194\/revisions\/59196"}],"wp:featuredmedia":[{"embeddable":true,"href":"https:\/\/www.caririemacao.com\/1\/wp-json\/wp\/v2\/media\/59195"}],"wp:attachment":[{"href":"https:\/\/www.caririemacao.com\/1\/wp-json\/wp\/v2\/media?parent=59194"}],"wp:term":[{"taxonomy":"category","embeddable":true,"href":"https:\/\/www.caririemacao.com\/1\/wp-json\/wp\/v2\/categories?post=59194"},{"taxonomy":"post_tag","embeddable":true,"href":"https:\/\/www.caririemacao.com\/1\/wp-json\/wp\/v2\/tags?post=59194"}],"curies":[{"name":"wp","href":"https:\/\/api.w.org\/{rel}","templated":true}]}}