{"id":59197,"date":"2018-07-31T10:31:16","date_gmt":"2018-07-31T13:31:16","guid":{"rendered":"http:\/\/caririemacao.com\/1\/?p=59197"},"modified":"2018-07-31T10:33:40","modified_gmt":"2018-07-31T13:33:40","slug":"homens-invadem-residencia-roubam-dinheiro-pertences-e-cinco-ovelhas","status":"publish","type":"post","link":"https:\/\/www.caririemacao.com\/1\/2018\/07\/31\/homens-invadem-residencia-roubam-dinheiro-pertences-e-cinco-ovelhas\/","title":{"rendered":"Homens invadem residencia roubam dinheiro, pertences e cinco ovelhas"},"content":{"rendered":"<header class=\"noticias-chamada\">Cinco ovelhas foram roubadas durante um assalto na zona rural de Catol\u00e9 de Boa Vista, distrito de Campina Grande. O crime aconteceu na noite de segunda-feira (30) \u00a0no s\u00edtio Salgadinho. Al\u00e9m das ovelhas, os quatro assaltantes levaram pertencentes e dinheiro do dono do im\u00f3vel. Segundo a pol\u00edcia os homens chegaram a p\u00e9 e usaram o carro da v\u00edtima para fugir com as ovelhas dentro.<\/header>\n<p>Ainda segundo a pol\u00edcia os assaltantes invadiram a resid\u00eancia, um deles armado com um rev\u00f3lver, amarraram o dono e roubaram cerca de R$ 3.600 em \u00a0dinheiro, uma TV, dois celulares, as cinco ovelhas e um carro modelo Fiesta na cor Vermelha.<\/p>\n<p>At\u00e9 as 9h desta ter\u00e7a (31) a pol\u00edcia n\u00e3o tinha preso ou identificado nenhum dos quatro assaltantes nem recuperar os materiais e animais roubados.<\/p>\n<p><strong>CARIRI EM A\u00c7\u00c3O<\/strong><\/p>\n<p>Com Jornal da Para\u00edba\/Foto: Reprodu\u00e7\u00e3o Internet<\/p>\n<p>Leia mais not\u00edcias em\u00a0<a href=\"http:\/\/www.caririemacao.com\/\">caririemacao.com<\/a>, siga nossa p\u00e1gina no\u00a0<a href=\"https:\/\/www.facebook.com\/CaririEmAcao\/?ref=aymt_homepage_panel\">Facebook<\/a>,\u00a0<a href=\"https:\/\/www.instagram.com\/cariri_em_acao\/?hl=pt-br\">Instagram<\/a>\u00a0e <a href=\"https:\/\/www.youtube.com\/channel\/UCAptA0jQuYQy8vMhLt2m4qg\">Youtube<\/a>\u00a0e veja nossas mat\u00e9rias, v\u00eddeos e fotos. Voc\u00ea tamb\u00e9m pode enviar informa\u00e7\u00f5es \u00e0 Reda\u00e7\u00e3o do Portal Cariri em A\u00e7\u00e3o pelo WhatsApp (83) 9 9634.5791, (83) 9 9601-1162.<\/p>\n","protected":false},"excerpt":{"rendered":"<p>Cinco ovelhas foram roubadas durante um assalto na zona rural de Catol\u00e9 de Boa Vista, distrito de Campina Grande. O crime aconteceu na noite de&hellip; <\/p>\n","protected":false},"author":1,"featured_media":59201,"comment_status":"closed","ping_status":"closed","sticky":false,"template":"","format":"standard","meta":{"sfsi_plus_gutenberg_text_before_share":"","sfsi_plus_gutenberg_show_text_before_share":"","sfsi_plus_gutenberg_icon_type":"","sfsi_plus_gutenberg_icon_alignemt":"","sfsi_plus_gutenburg_max_per_row":"","footnotes":""},"categories":[12],"tags":[],"class_list":["post-59197","post","type-post","status-publish","format-standard","has-post-thumbnail","hentry","category-policia"],"_links":{"self":[{"href":"https:\/\/www.caririemacao.com\/1\/wp-json\/wp\/v2\/posts\/59197","targetHints":{"allow":["GET"]}}],"collection":[{"href":"https:\/\/www.caririemacao.com\/1\/wp-json\/wp\/v2\/posts"}],"about":[{"href":"https:\/\/www.caririemacao.com\/1\/wp-json\/wp\/v2\/types\/post"}],"author":[{"embeddable":true,"href":"https:\/\/www.caririemacao.com\/1\/wp-json\/wp\/v2\/users\/1"}],"replies":[{"embeddable":true,"href":"https:\/\/www.caririemacao.com\/1\/wp-json\/wp\/v2\/comments?post=59197"}],"version-history":[{"count":3,"href":"https:\/\/www.caririemacao.com\/1\/wp-json\/wp\/v2\/posts\/59197\/revisions"}],"predecessor-version":[{"id":59203,"href":"https:\/\/www.caririemacao.com\/1\/wp-json\/wp\/v2\/posts\/59197\/revisions\/59203"}],"wp:featuredmedia":[{"embeddable":true,"href":"https:\/\/www.caririemacao.com\/1\/wp-json\/wp\/v2\/media\/59201"}],"wp:attachment":[{"href":"https:\/\/www.caririemacao.com\/1\/wp-json\/wp\/v2\/media?parent=59197"}],"wp:term":[{"taxonomy":"category","embeddable":true,"href":"https:\/\/www.caririemacao.com\/1\/wp-json\/wp\/v2\/categories?post=59197"},{"taxonomy":"post_tag","embeddable":true,"href":"https:\/\/www.caririemacao.com\/1\/wp-json\/wp\/v2\/tags?post=59197"}],"curies":[{"name":"wp","href":"https:\/\/api.w.org\/{rel}","templated":true}]}}