{"id":59204,"date":"2018-07-31T10:42:17","date_gmt":"2018-07-31T13:42:17","guid":{"rendered":"http:\/\/caririemacao.com\/1\/?p=59204"},"modified":"2018-07-31T10:42:17","modified_gmt":"2018-07-31T13:42:17","slug":"stf-autoriza-paraiba-a-receber-recursos-para-pagamento-de-obras-no-porto-de-cabedelo","status":"publish","type":"post","link":"https:\/\/www.caririemacao.com\/1\/2018\/07\/31\/stf-autoriza-paraiba-a-receber-recursos-para-pagamento-de-obras-no-porto-de-cabedelo\/","title":{"rendered":"STF autoriza Para\u00edba a receber recursos para pagamento de obras no Porto de Cabedelo"},"content":{"rendered":"<p>O vice-presidente do Supremo Tribunal Federal (STF), ministro Dias Toffoli, atuando no exerc\u00edcio da Presid\u00eancia do Tribunal, afastou restri\u00e7\u00e3o que impedia o Estado da Para\u00edba de receber o \u00faltimo repasse de recursos referentes a conv\u00eanio para o fornecimento e a implanta\u00e7\u00e3o de novos equipamentos de sinaliza\u00e7\u00e3o n\u00e1utica no canal de acesso do Porto de Cabedelo. A decis\u00e3o cautelar foi tomada na A\u00e7\u00e3o C\u00edvel Origin\u00e1ria (ACO) 3153, ajuizada pelo estado.<\/p>\n<p>De acordo com os autos, o Estado da Para\u00edba foi inscrito em cadastros restritivos federais (Cauc\/Siafi) em decorr\u00eancia de decis\u00e3o do Tribunal de Contas da Uni\u00e3o (TCU) que condenou a administra\u00e7\u00e3o p\u00fablica estadual e o ex-secret\u00e1rio de sa\u00fade do estado a devolverem ao Fundo Nacional de Sa\u00fade (FNS) R$ 1,1 milh\u00e3o, por irregularidades ocorridas nos anos de 2004 e 2005 no uso de recursos do Sistema \u00danico de Sa\u00fade (SUS) destinados \u00e0 execu\u00e7\u00e3o do Componentes de Medicamentos de Dispensa\u00e7\u00e3o Excepcional (CMDE).<\/p>\n<p>No STF, o governo estadual alega que adotou as medidas necess\u00e1rias para a responsabiliza\u00e7\u00e3o do ent\u00e3o gestor de sa\u00fade e que a inscri\u00e7\u00e3o em cadastro de inadimplente \u00e9 medida desproporcional, uma vez que as consequ\u00eancias da restri\u00e7\u00e3o cadastral impedem o estado de receber receitas, \u201cengessando a gest\u00e3o atual na consecu\u00e7\u00e3o do plano de governo em preju\u00edzo geral \u00e0 economia, \u00e0 infraestrutura, aos projetos sociais e demais pol\u00edticas p\u00fablicas\u201d. Destaca que, no caso do conv\u00eanio com a Secretaria Nacional de Portos do Minist\u00e9rio dos Transportes, Portos e Avia\u00e7\u00e3o Civil, as obras j\u00e1 foram conclu\u00eddas, e a libera\u00e7\u00e3o dos recursos \u00e9 necess\u00e1ria para se efetuar o pagamento da empresa contratada.<\/p>\n<h4>Presid\u00eancia<\/h4>\n<p>O ministro Dias Toffoli explicou que, apesar de sua posi\u00e7\u00e3o em contr\u00e1rio, pois na hip\u00f3tese j\u00e1 foi conclu\u00edda a tomada de contas especial pelo TCU, h\u00e1 precedentes do STF no sentido da suspens\u00e3o da inscri\u00e7\u00e3o em situa\u00e7\u00f5es semelhantes, de forma a n\u00e3o prejudicar o estado e sua popula\u00e7\u00e3o quando a restri\u00e7\u00e3o decorre de atos de responsabilidade de gest\u00f5es anteriores. Diante da atua\u00e7\u00e3o urgente que compete \u00e0 Presid\u00eancia durante o plant\u00e3o e com o objetivo de resguardar o direito postulado pelo estado, ele deferiu parcialmente a liminar apenas para permitir o repasse da terceira e \u00faltima parcela do conv\u00eanio referente \u00e0s obras no Porto de Cabedelo.<\/p>\n<p><strong>CARIRI EM A\u00c7\u00c3O<\/strong><\/p>\n<p>Com J. PB\/Foto: Reprodu\u00e7\u00e3o Internet<\/p>\n<p>Leia mais not\u00edcias em\u00a0<a href=\"http:\/\/www.caririemacao.com\/\">caririemacao.com<\/a>, siga nossa p\u00e1gina no\u00a0<a href=\"https:\/\/www.facebook.com\/CaririEmAcao\/?ref=aymt_homepage_panel\">Facebook<\/a>,\u00a0<a href=\"https:\/\/www.instagram.com\/cariri_em_acao\/?hl=pt-br\">Instagram<\/a>\u00a0e <a href=\"https:\/\/www.youtube.com\/channel\/UCAptA0jQuYQy8vMhLt2m4qg\">Youtube<\/a>\u00a0e veja nossas mat\u00e9rias, v\u00eddeos e fotos. Voc\u00ea tamb\u00e9m pode enviar informa\u00e7\u00f5es \u00e0 Reda\u00e7\u00e3o do Portal Cariri em A\u00e7\u00e3o pelo WhatsApp (83) 9 9634.5791, (83) 9 9601-1162.<\/p>\n","protected":false},"excerpt":{"rendered":"<p>O vice-presidente do Supremo Tribunal Federal (STF), ministro Dias Toffoli, atuando no exerc\u00edcio da Presid\u00eancia do Tribunal, afastou restri\u00e7\u00e3o que impedia o Estado da Para\u00edba&hellip; <\/p>\n","protected":false},"author":1,"featured_media":35166,"comment_status":"closed","ping_status":"closed","sticky":false,"template":"","format":"standard","meta":{"sfsi_plus_gutenberg_text_before_share":"","sfsi_plus_gutenberg_show_text_before_share":"","sfsi_plus_gutenberg_icon_type":"","sfsi_plus_gutenberg_icon_alignemt":"","sfsi_plus_gutenburg_max_per_row":"","footnotes":""},"categories":[2],"tags":[],"class_list":["post-59204","post","type-post","status-publish","format-standard","has-post-thumbnail","hentry","category-geral"],"_links":{"self":[{"href":"https:\/\/www.caririemacao.com\/1\/wp-json\/wp\/v2\/posts\/59204","targetHints":{"allow":["GET"]}}],"collection":[{"href":"https:\/\/www.caririemacao.com\/1\/wp-json\/wp\/v2\/posts"}],"about":[{"href":"https:\/\/www.caririemacao.com\/1\/wp-json\/wp\/v2\/types\/post"}],"author":[{"embeddable":true,"href":"https:\/\/www.caririemacao.com\/1\/wp-json\/wp\/v2\/users\/1"}],"replies":[{"embeddable":true,"href":"https:\/\/www.caririemacao.com\/1\/wp-json\/wp\/v2\/comments?post=59204"}],"version-history":[{"count":1,"href":"https:\/\/www.caririemacao.com\/1\/wp-json\/wp\/v2\/posts\/59204\/revisions"}],"predecessor-version":[{"id":59205,"href":"https:\/\/www.caririemacao.com\/1\/wp-json\/wp\/v2\/posts\/59204\/revisions\/59205"}],"wp:featuredmedia":[{"embeddable":true,"href":"https:\/\/www.caririemacao.com\/1\/wp-json\/wp\/v2\/media\/35166"}],"wp:attachment":[{"href":"https:\/\/www.caririemacao.com\/1\/wp-json\/wp\/v2\/media?parent=59204"}],"wp:term":[{"taxonomy":"category","embeddable":true,"href":"https:\/\/www.caririemacao.com\/1\/wp-json\/wp\/v2\/categories?post=59204"},{"taxonomy":"post_tag","embeddable":true,"href":"https:\/\/www.caririemacao.com\/1\/wp-json\/wp\/v2\/tags?post=59204"}],"curies":[{"name":"wp","href":"https:\/\/api.w.org\/{rel}","templated":true}]}}