{"id":59220,"date":"2018-07-31T19:26:03","date_gmt":"2018-07-31T22:26:03","guid":{"rendered":"http:\/\/caririemacao.com\/1\/?p=59220"},"modified":"2018-07-31T19:26:03","modified_gmt":"2018-07-31T22:26:03","slug":"prefeitura-municipal-de-amparo-emitiu-nota-de-repudio-por-crimes-cometidos-em-animais-em-nosso-municipio","status":"publish","type":"post","link":"https:\/\/www.caririemacao.com\/1\/2018\/07\/31\/prefeitura-municipal-de-amparo-emitiu-nota-de-repudio-por-crimes-cometidos-em-animais-em-nosso-municipio\/","title":{"rendered":"Prefeitura Municipal de Amparo emitiu Nota de Rep\u00fadio por crimes cometidos em animais em nosso munic\u00edpio"},"content":{"rendered":"<div>A Prefeitura Municipal de Amparo vem a p\u00fablico classificar como absurda e inaceit\u00e1vel o ato praticado de forma covarde e cruel contra alguns animais dom\u00e9sticos no munic\u00edpio.<\/div>\n<div><\/div>\n<div>Atentar contra a vida de animais de forma brutal e cruel, n\u00e3o \u00e9 medida sanit\u00e1ria e nem t\u00e3o pouco preventiva de doen\u00e7as. Nossa gest\u00e3o ir\u00e1 acompanhar o rumo das investiga\u00e7\u00f5es, e espera que os respons\u00e1veis sejam penalizados conforme a lei.<\/div>\n<div><\/div>\n<div>Temos um Projeto de Lei encaminhado \u00e0 C\u00e2mara de Vereadores, onde o mesmo trata como modelo de gest\u00e3o eficiente e respeitosa os animais. Lembramos ainda que: Para defend\u00ea-los no \u00e2mbito federal, existe a Lei Federal dos Crimes Ambientais, N\u00ba 9.605, de 12 de Fevereiro de 1998.<\/div>\n<div><\/div>\n<div>Seu artigo 32 cita como crime: praticar ato de abuso, maus tratos, ferir, ou mutilar animais silvestres, dom\u00e9sticos ou domesticados, nativos ou ex\u00f3ticos. Culmina em uma pena de 3 meses a 1 ano de pris\u00e3o e multa, aumentada de 1\/6 a 1\/3 se ocorrer a morte do animal.<\/div>\n<div><\/div>\n<div>Diz ainda na Constitui\u00e7\u00e3o Federal de 1988, em seu artigo 225, par\u00e1grafo 1\u00ba, cita que cabe ao Poder P\u00fablico: VI &#8211; promover a educa\u00e7\u00e3o ambiental em todos os n\u00edveis de ensino e a conscientiza\u00e7\u00e3o p\u00fablica para a preserva\u00e7\u00e3o do meio ambiente. Diante do exposto, firmamos o nosso compromisso em fortalecer campanhas de conscientiza\u00e7\u00e3o sobre maus tratos e outros temas ligados a prote\u00e7\u00e3o dos animais.<\/div>\n<div><\/div>\n<div><strong>CARIRI EM A\u00c7\u00c3O<\/strong><\/div>\n<div>\n<p>Com\u00a0<i>Ascom<\/i>\/Foto: Reprodu\u00e7\u00e3o<\/p>\n<p>Leia mais not\u00edcias em\u00a0<a href=\"http:\/\/www.caririemacao.com\/\">caririemacao.com<\/a>, siga nossa p\u00e1gina no\u00a0<a href=\"https:\/\/www.facebook.com\/CaririEmAcao\/?ref=aymt_homepage_panel\">Facebook<\/a>,\u00a0<a href=\"https:\/\/www.instagram.com\/cariri_em_acao\/?hl=pt-br\">Instagram<\/a>\u00a0e\u00a0<a href=\"https:\/\/www.youtube.com\/channel\/UCAptA0jQuYQy8vMhLt2m4qg\">Youtube<\/a>\u00a0e veja nossas mat\u00e9rias, v\u00eddeos e fotos. Voc\u00ea tamb\u00e9m pode enviar informa\u00e7\u00f5es \u00e0 Reda\u00e7\u00e3o do Portal Cariri em A\u00e7\u00e3o pelo WhatsApp (83) 9 9634.5791, (83) 9 9601-1162.<\/p>\n<\/div>\n","protected":false},"excerpt":{"rendered":"<p>A Prefeitura Municipal de Amparo vem a p\u00fablico classificar como absurda e inaceit\u00e1vel o ato praticado de forma covarde e cruel contra alguns animais dom\u00e9sticos&hellip; <\/p>\n","protected":false},"author":1,"featured_media":59221,"comment_status":"closed","ping_status":"closed","sticky":false,"template":"","format":"standard","meta":{"sfsi_plus_gutenberg_text_before_share":"","sfsi_plus_gutenberg_show_text_before_share":"","sfsi_plus_gutenberg_icon_type":"","sfsi_plus_gutenberg_icon_alignemt":"","sfsi_plus_gutenburg_max_per_row":"","footnotes":""},"categories":[2],"tags":[],"class_list":["post-59220","post","type-post","status-publish","format-standard","has-post-thumbnail","hentry","category-geral"],"_links":{"self":[{"href":"https:\/\/www.caririemacao.com\/1\/wp-json\/wp\/v2\/posts\/59220","targetHints":{"allow":["GET"]}}],"collection":[{"href":"https:\/\/www.caririemacao.com\/1\/wp-json\/wp\/v2\/posts"}],"about":[{"href":"https:\/\/www.caririemacao.com\/1\/wp-json\/wp\/v2\/types\/post"}],"author":[{"embeddable":true,"href":"https:\/\/www.caririemacao.com\/1\/wp-json\/wp\/v2\/users\/1"}],"replies":[{"embeddable":true,"href":"https:\/\/www.caririemacao.com\/1\/wp-json\/wp\/v2\/comments?post=59220"}],"version-history":[{"count":1,"href":"https:\/\/www.caririemacao.com\/1\/wp-json\/wp\/v2\/posts\/59220\/revisions"}],"predecessor-version":[{"id":59222,"href":"https:\/\/www.caririemacao.com\/1\/wp-json\/wp\/v2\/posts\/59220\/revisions\/59222"}],"wp:featuredmedia":[{"embeddable":true,"href":"https:\/\/www.caririemacao.com\/1\/wp-json\/wp\/v2\/media\/59221"}],"wp:attachment":[{"href":"https:\/\/www.caririemacao.com\/1\/wp-json\/wp\/v2\/media?parent=59220"}],"wp:term":[{"taxonomy":"category","embeddable":true,"href":"https:\/\/www.caririemacao.com\/1\/wp-json\/wp\/v2\/categories?post=59220"},{"taxonomy":"post_tag","embeddable":true,"href":"https:\/\/www.caririemacao.com\/1\/wp-json\/wp\/v2\/tags?post=59220"}],"curies":[{"name":"wp","href":"https:\/\/api.w.org\/{rel}","templated":true}]}}