{"id":59223,"date":"2018-07-31T19:28:37","date_gmt":"2018-07-31T22:28:37","guid":{"rendered":"http:\/\/caririemacao.com\/1\/?p=59223"},"modified":"2018-07-31T19:28:37","modified_gmt":"2018-07-31T22:28:37","slug":"sem-alianca-pt-e-psb-negociam-pacto-de-neutralidade","status":"publish","type":"post","link":"https:\/\/www.caririemacao.com\/1\/2018\/07\/31\/sem-alianca-pt-e-psb-negociam-pacto-de-neutralidade\/","title":{"rendered":"Sem alian\u00e7a, PT e PSB negociam pacto de neutralidade"},"content":{"rendered":"<p>Reunida nesta segunda-feira (30) com o conselho pol\u00edtico do partido, a presidente do PT, senadora Gleisi Hoffmann (PR), admitiu como remotas as chances de alian\u00e7a com PSB para a corrida presidencial.<\/p>\n<p>A senadora apresentou \u00e0 c\u00fapula petista o esbo\u00e7o de um acordo tra\u00e7ado com dirigentes do PSB. Pelo acerto, o PSB n\u00e3o selaria alian\u00e7a nacional com advers\u00e1rios do PT para as pr\u00f3ximas elei\u00e7\u00f5es, deixando de apoiar Ciro Gomes (PDT) ou Geraldo Alckmin (PSDB).<\/p>\n<p>O PSB tamb\u00e9m abriria m\u00e3o da candidatura do ex-prefeito M\u00e1rcio Lacerda para o governo de Minas Gerais, o que poderia beneficiar a campanha pela reelei\u00e7\u00e3o do governador Fernando Pimentel.<\/p>\n<p>Em troca, o PT retiraria a candidatura de Mar\u00edlia Arraes ao governo de Pernambuco, hoje um obst\u00e1culo \u00e0 reelei\u00e7\u00e3o do governador Paulo C\u00e2mara (PSB). Petistas insistem, por\u00e9m, na celebra\u00e7\u00e3o de uma alian\u00e7a formal.<\/p>\n<p>Embora dirigentes do PT e PSB admitam essa articula\u00e7\u00e3o, o presidente do PSB, Carlos Siqueira, nega que a proposta esteja \u00e0 mesa. Segundo ele, o PSB n\u00e3o tem voca\u00e7\u00e3o para sat\u00e9lite.<\/p>\n<p>\u201cTratamos dos nossos interesses e os demais partidos, inclusive o PT, devem tratar dos seus respectivos interesses. Jamais adotaremos essa decis\u00e3o, o pelo menos no quadro de hoje n\u00e3o \u00e9 o caso, para atender a interesse de outro partido, mesmo esse partido sendo o PT\u201d, afirmou o presidente do PSB.<\/p>\n<p>Ao ouvir a proposta, petistas manifestaram contrariedade, lembrando que a neutralidade j\u00e1 \u00e9 uma tend\u00eancia do PSB para a disputa presidencial e duvidando da disposi\u00e7\u00e3o de Lacerda atender a uma orienta\u00e7\u00e3o de seu partido em Minas.<\/p>\n<p>Os petistas frisaram ainda que a conven\u00e7\u00e3o do PSB acontece no dia 5 de agosto. O encontro do PT \u00e9 na v\u00e9spera. Sendo assim, n\u00e3o haveria garantia da desist\u00eancia de Lacerda em Minas.<\/p>\n<p>Na reuni\u00e3o, petistas insistiram para que o PT formalize convite para que Manuela D\u2019\u00c1vila ocupe a vice da chapa presidencial. Gleisi disse, por\u00e9m, que o ex-presidente Luiz In\u00e1cio Lula da Silva deveria ser consultado antes dessa oferta.<\/p>\n<p><strong>CARIRI EM A\u00c7\u00c3O<\/strong><\/p>\n<p>Com Folhapress\/Foto: Reprodu\u00e7\u00e3o Internet<\/p>\n<p>Leia mais not\u00edcias em\u00a0<a href=\"http:\/\/www.caririemacao.com\/\">caririemacao.com<\/a>, siga nossa p\u00e1gina no\u00a0<a href=\"https:\/\/www.facebook.com\/CaririEmAcao\/?ref=aymt_homepage_panel\">Facebook<\/a>,\u00a0<a href=\"https:\/\/www.instagram.com\/cariri_em_acao\/?hl=pt-br\">Instagram<\/a>\u00a0e\u00a0<a href=\"https:\/\/www.youtube.com\/channel\/UCAptA0jQuYQy8vMhLt2m4qg\">Youtube<\/a>\u00a0e veja nossas mat\u00e9rias, v\u00eddeos e fotos. Voc\u00ea tamb\u00e9m pode enviar informa\u00e7\u00f5es \u00e0 Reda\u00e7\u00e3o do Portal Cariri em A\u00e7\u00e3o pelo WhatsApp (83) 9 9634.5791, (83) 9 9601-1162.<\/p>\n","protected":false},"excerpt":{"rendered":"<p>Reunida nesta segunda-feira (30) com o conselho pol\u00edtico do partido, a presidente do PT, senadora Gleisi Hoffmann (PR), admitiu como remotas as chances de alian\u00e7a&hellip; <\/p>\n","protected":false},"author":1,"featured_media":59224,"comment_status":"closed","ping_status":"closed","sticky":false,"template":"","format":"standard","meta":{"sfsi_plus_gutenberg_text_before_share":"","sfsi_plus_gutenberg_show_text_before_share":"","sfsi_plus_gutenberg_icon_type":"","sfsi_plus_gutenberg_icon_alignemt":"","sfsi_plus_gutenburg_max_per_row":"","footnotes":""},"categories":[11],"tags":[],"class_list":["post-59223","post","type-post","status-publish","format-standard","has-post-thumbnail","hentry","category-politica"],"_links":{"self":[{"href":"https:\/\/www.caririemacao.com\/1\/wp-json\/wp\/v2\/posts\/59223","targetHints":{"allow":["GET"]}}],"collection":[{"href":"https:\/\/www.caririemacao.com\/1\/wp-json\/wp\/v2\/posts"}],"about":[{"href":"https:\/\/www.caririemacao.com\/1\/wp-json\/wp\/v2\/types\/post"}],"author":[{"embeddable":true,"href":"https:\/\/www.caririemacao.com\/1\/wp-json\/wp\/v2\/users\/1"}],"replies":[{"embeddable":true,"href":"https:\/\/www.caririemacao.com\/1\/wp-json\/wp\/v2\/comments?post=59223"}],"version-history":[{"count":1,"href":"https:\/\/www.caririemacao.com\/1\/wp-json\/wp\/v2\/posts\/59223\/revisions"}],"predecessor-version":[{"id":59225,"href":"https:\/\/www.caririemacao.com\/1\/wp-json\/wp\/v2\/posts\/59223\/revisions\/59225"}],"wp:featuredmedia":[{"embeddable":true,"href":"https:\/\/www.caririemacao.com\/1\/wp-json\/wp\/v2\/media\/59224"}],"wp:attachment":[{"href":"https:\/\/www.caririemacao.com\/1\/wp-json\/wp\/v2\/media?parent=59223"}],"wp:term":[{"taxonomy":"category","embeddable":true,"href":"https:\/\/www.caririemacao.com\/1\/wp-json\/wp\/v2\/categories?post=59223"},{"taxonomy":"post_tag","embeddable":true,"href":"https:\/\/www.caririemacao.com\/1\/wp-json\/wp\/v2\/tags?post=59223"}],"curies":[{"name":"wp","href":"https:\/\/api.w.org\/{rel}","templated":true}]}}