{"id":59226,"date":"2018-07-31T19:31:48","date_gmt":"2018-07-31T22:31:48","guid":{"rendered":"http:\/\/caririemacao.com\/1\/?p=59226"},"modified":"2018-07-31T19:31:48","modified_gmt":"2018-07-31T22:31:48","slug":"empresario-campinense-comenta-possibilidade-de-ser-vice-na-chapa-do-psb","status":"publish","type":"post","link":"https:\/\/www.caririemacao.com\/1\/2018\/07\/31\/empresario-campinense-comenta-possibilidade-de-ser-vice-na-chapa-do-psb\/","title":{"rendered":"Empres\u00e1rio campinense comenta possibilidade de ser vice na chapa do PSB"},"content":{"rendered":"<p>O pr\u00e9-candidato a deputado estadual pelo PPS, Artur Bolinha, afirmou que n\u00e3o conversou sobre ser o candidato a vice na chapa de Jo\u00e3o Azevedo (PSB), ressaltando que se houver o convite, teria que analisar qual seria o papel e a import\u00e2ncia dele no cargo, j\u00e1 que estaria representando Campina Grande.<\/p>\n<p>Bolinha destacou procura independ\u00eancia e que independente de votar em A ou B, n\u00e3o combina com ele \u201cdizer am\u00e9m\u201d para todas as coisas.<\/p>\n<p>\u2013 N\u00e3o combina comigo esse tipo de conduta. Eu precisaria saber quais s\u00e3o os compromissos que iriam ser feitos com Campina, para eu saber se ficaria a vontade ou n\u00e3o para tomar essa decis\u00e3o. Mas, \u00e9 muito pouco prov\u00e1vel que isso aconte\u00e7a \u2013 ponderou.<\/p>\n<p>Bolinha tamb\u00e9m frisou que o partido, que vai apoiar o pr\u00e9-candidato Jo\u00e3o Azevedo, ainda vai decidir sobre quem apoiar para o Senado Federal, mas que, pessoalmente, ele n\u00e3o vai votar nem em Veneziano e nem em Luiz Couto.<\/p>\n<p>\u2013 A quest\u00e3o \u00e9 muito mais na forma que eles pensam [Veneziano e Luiz Couto]. Eu tenho um pensamento liberal, eles t\u00eam um pensamento progressista e estatizante. Quando voc\u00ea vota em algu\u00e9m para Bras\u00edlia, al\u00e9m das condi\u00e7\u00f5es morais, voc\u00ea tem que ver o que aquela pessoa pensa em n\u00edvel de Brasil. Ambos t\u00eam muita dificuldade em assumir a necessidade da reforma da previd\u00eancia, por exemplo. N\u00e3o fazer a reforma \u00e9 insustent\u00e1vel. A Para\u00edba, ano passado, teve um d\u00e9ficit de R$ 1,2 bilh\u00f5es para cobrir a previd\u00eancia \u2013 pontuou.<\/p>\n<p>Bolinha ainda salientou que vai votar em Jo\u00e3o Azevedo como governador, pois, \u201cdos nomes que est\u00e3o postos, independentemente de ser apoiado por Ricardo, \u00e9 o mais preparado para governar o Estado\u201d.<\/p>\n<p>Ele tamb\u00e9m comentou sobre Efraim Morais (DEM) como poss\u00edvel vice, afirmando que \u00e9 um bom nome, mas que acha que Campina Grande \u00e9 quem deveria ser representada na vaga.<\/p>\n<p>As declara\u00e7\u00f5es repercutiram na R\u00e1dio Correio FM, nesta ter\u00e7a-feira, 31.<\/p>\n<p><strong>CARIRI EM A\u00c7\u00c3O<\/strong><\/p>\n<p>Com Para\u00edba Online\/Foto: Reprodu\u00e7\u00e3o Internet<\/p>\n<p>Leia mais not\u00edcias em\u00a0<a href=\"http:\/\/www.caririemacao.com\/\">caririemacao.com<\/a>, siga nossa p\u00e1gina no\u00a0<a href=\"https:\/\/www.facebook.com\/CaririEmAcao\/?ref=aymt_homepage_panel\">Facebook<\/a>,\u00a0<a href=\"https:\/\/www.instagram.com\/cariri_em_acao\/?hl=pt-br\">Instagram<\/a>\u00a0e\u00a0<a href=\"https:\/\/www.youtube.com\/channel\/UCAptA0jQuYQy8vMhLt2m4qg\">Youtube<\/a>\u00a0e veja nossas mat\u00e9rias, v\u00eddeos e fotos. Voc\u00ea tamb\u00e9m pode enviar informa\u00e7\u00f5es \u00e0 Reda\u00e7\u00e3o do Portal Cariri em A\u00e7\u00e3o pelo WhatsApp (83) 9 9634.5791, (83) 9 9601-1162.<\/p>\n","protected":false},"excerpt":{"rendered":"<p>O pr\u00e9-candidato a deputado estadual pelo PPS, Artur Bolinha, afirmou que n\u00e3o conversou sobre ser o candidato a vice na chapa de Jo\u00e3o Azevedo (PSB),&hellip; <\/p>\n","protected":false},"author":1,"featured_media":59227,"comment_status":"closed","ping_status":"closed","sticky":false,"template":"","format":"standard","meta":{"sfsi_plus_gutenberg_text_before_share":"","sfsi_plus_gutenberg_show_text_before_share":"","sfsi_plus_gutenberg_icon_type":"","sfsi_plus_gutenberg_icon_alignemt":"","sfsi_plus_gutenburg_max_per_row":"","footnotes":""},"categories":[1],"tags":[],"class_list":["post-59226","post","type-post","status-publish","format-standard","has-post-thumbnail","hentry","category-o-site"],"_links":{"self":[{"href":"https:\/\/www.caririemacao.com\/1\/wp-json\/wp\/v2\/posts\/59226","targetHints":{"allow":["GET"]}}],"collection":[{"href":"https:\/\/www.caririemacao.com\/1\/wp-json\/wp\/v2\/posts"}],"about":[{"href":"https:\/\/www.caririemacao.com\/1\/wp-json\/wp\/v2\/types\/post"}],"author":[{"embeddable":true,"href":"https:\/\/www.caririemacao.com\/1\/wp-json\/wp\/v2\/users\/1"}],"replies":[{"embeddable":true,"href":"https:\/\/www.caririemacao.com\/1\/wp-json\/wp\/v2\/comments?post=59226"}],"version-history":[{"count":1,"href":"https:\/\/www.caririemacao.com\/1\/wp-json\/wp\/v2\/posts\/59226\/revisions"}],"predecessor-version":[{"id":59228,"href":"https:\/\/www.caririemacao.com\/1\/wp-json\/wp\/v2\/posts\/59226\/revisions\/59228"}],"wp:featuredmedia":[{"embeddable":true,"href":"https:\/\/www.caririemacao.com\/1\/wp-json\/wp\/v2\/media\/59227"}],"wp:attachment":[{"href":"https:\/\/www.caririemacao.com\/1\/wp-json\/wp\/v2\/media?parent=59226"}],"wp:term":[{"taxonomy":"category","embeddable":true,"href":"https:\/\/www.caririemacao.com\/1\/wp-json\/wp\/v2\/categories?post=59226"},{"taxonomy":"post_tag","embeddable":true,"href":"https:\/\/www.caririemacao.com\/1\/wp-json\/wp\/v2\/tags?post=59226"}],"curies":[{"name":"wp","href":"https:\/\/api.w.org\/{rel}","templated":true}]}}