{"id":59232,"date":"2018-07-31T19:55:27","date_gmt":"2018-07-31T22:55:27","guid":{"rendered":"http:\/\/caririemacao.com\/1\/?p=59232"},"modified":"2018-07-31T19:55:27","modified_gmt":"2018-07-31T22:55:27","slug":"morre-helio-bicudo-um-dos-autores-do-pedido-de-impeachment-de-dilma","status":"publish","type":"post","link":"https:\/\/www.caririemacao.com\/1\/2018\/07\/31\/morre-helio-bicudo-um-dos-autores-do-pedido-de-impeachment-de-dilma\/","title":{"rendered":"Morre H\u00e9lio Bicudo, um dos autores do pedido de impeachment de Dilma"},"content":{"rendered":"<p>O jurista H\u00e9lio Bicudo, fundador do PT e um dos signat\u00e1rios do pedido de impeachment de Dilma Rousseff, morreu\u00a0<span id=\"OBJ_PREFIX_DWT1850_com_zimbra_date\" role=\"link\">nesta ter\u00e7a-feira<\/span>\u00a0(31) aos 96 anos na capital paulista. A fam\u00edlia ainda n\u00e3o divulgou o local para o vel\u00f3rio. Bicudo deixa sete filhos, netos e bisnetos.<\/p>\n<p>Ativista na \u00e1rea dos direitos humanos, ele ganhou notoriedade ao combater o Esquadr\u00e3o da Morte, organiza\u00e7\u00e3o paramilitar dos anos de 1970, sendo depois presidente da Funda\u00e7\u00e3o Interamericana de Defesa dos Direitos Humanos.<\/p>\n<p>Bicudo foi deputado federal por dois mandatos (1991 e 1999) e vice-prefeito de S\u00e3o Paulo na gest\u00e3o de Marta Suplicy, ent\u00e3o filiada ao PT, de 2001 a 2005.\u00a0O jurista anunciou sua desfilia\u00e7\u00e3o do PT em 2005, durante as investiga\u00e7\u00f5es do caso conhecido como mensal\u00e3o.<\/p>\n<p><strong>CARIRI EM A\u00c7\u00c3O<\/strong><\/p>\n<p>Com Ag\u00eancia Brasil\/Foto: Reprodu\u00e7\u00e3o<\/p>\n<p>Leia mais not\u00edcias em\u00a0<a href=\"http:\/\/www.caririemacao.com\/\">caririemacao.com<\/a>, siga nossa p\u00e1gina no\u00a0<a href=\"https:\/\/www.facebook.com\/CaririEmAcao\/?ref=aymt_homepage_panel\">Facebook<\/a>,\u00a0<a href=\"https:\/\/www.instagram.com\/cariri_em_acao\/?hl=pt-br\">Instagram<\/a>\u00a0e\u00a0<a href=\"https:\/\/www.youtube.com\/channel\/UCAptA0jQuYQy8vMhLt2m4qg\">Youtube<\/a>\u00a0e veja nossas mat\u00e9rias, v\u00eddeos e fotos. Voc\u00ea tamb\u00e9m pode enviar informa\u00e7\u00f5es \u00e0 Reda\u00e7\u00e3o do Portal Cariri em A\u00e7\u00e3o pelo WhatsApp (83) 9 9634.5791, (83) 9 9601-1162.<\/p>\n","protected":false},"excerpt":{"rendered":"<p>O jurista H\u00e9lio Bicudo, fundador do PT e um dos signat\u00e1rios do pedido de impeachment de Dilma Rousseff, morreu\u00a0nesta ter\u00e7a-feira\u00a0(31) aos 96 anos na capital&hellip; <\/p>\n","protected":false},"author":1,"featured_media":59233,"comment_status":"closed","ping_status":"closed","sticky":false,"template":"","format":"standard","meta":{"sfsi_plus_gutenberg_text_before_share":"","sfsi_plus_gutenberg_show_text_before_share":"","sfsi_plus_gutenberg_icon_type":"","sfsi_plus_gutenberg_icon_alignemt":"","sfsi_plus_gutenburg_max_per_row":"","footnotes":""},"categories":[2],"tags":[],"class_list":["post-59232","post","type-post","status-publish","format-standard","has-post-thumbnail","hentry","category-geral"],"_links":{"self":[{"href":"https:\/\/www.caririemacao.com\/1\/wp-json\/wp\/v2\/posts\/59232","targetHints":{"allow":["GET"]}}],"collection":[{"href":"https:\/\/www.caririemacao.com\/1\/wp-json\/wp\/v2\/posts"}],"about":[{"href":"https:\/\/www.caririemacao.com\/1\/wp-json\/wp\/v2\/types\/post"}],"author":[{"embeddable":true,"href":"https:\/\/www.caririemacao.com\/1\/wp-json\/wp\/v2\/users\/1"}],"replies":[{"embeddable":true,"href":"https:\/\/www.caririemacao.com\/1\/wp-json\/wp\/v2\/comments?post=59232"}],"version-history":[{"count":1,"href":"https:\/\/www.caririemacao.com\/1\/wp-json\/wp\/v2\/posts\/59232\/revisions"}],"predecessor-version":[{"id":59234,"href":"https:\/\/www.caririemacao.com\/1\/wp-json\/wp\/v2\/posts\/59232\/revisions\/59234"}],"wp:featuredmedia":[{"embeddable":true,"href":"https:\/\/www.caririemacao.com\/1\/wp-json\/wp\/v2\/media\/59233"}],"wp:attachment":[{"href":"https:\/\/www.caririemacao.com\/1\/wp-json\/wp\/v2\/media?parent=59232"}],"wp:term":[{"taxonomy":"category","embeddable":true,"href":"https:\/\/www.caririemacao.com\/1\/wp-json\/wp\/v2\/categories?post=59232"},{"taxonomy":"post_tag","embeddable":true,"href":"https:\/\/www.caririemacao.com\/1\/wp-json\/wp\/v2\/tags?post=59232"}],"curies":[{"name":"wp","href":"https:\/\/api.w.org\/{rel}","templated":true}]}}