{"id":59235,"date":"2018-07-31T20:09:27","date_gmt":"2018-07-31T23:09:27","guid":{"rendered":"http:\/\/caririemacao.com\/1\/?p=59235"},"modified":"2018-07-31T20:09:27","modified_gmt":"2018-07-31T23:09:27","slug":"veiculo-usado-em-assalto-a-banco-e-localizado-na-zona-rural-do-brejo-da-madre-de-deus","status":"publish","type":"post","link":"https:\/\/www.caririemacao.com\/1\/2018\/07\/31\/veiculo-usado-em-assalto-a-banco-e-localizado-na-zona-rural-do-brejo-da-madre-de-deus\/","title":{"rendered":"Ve\u00edculo usado em assalto a Banco \u00e9 localizado na zona rural do Brejo da Madre de Deus"},"content":{"rendered":"<p>Na manh\u00e3 desta Ter\u00e7a-feira (31) a Guarda Civil Municipal de Brejo da Madre de Deus recebeu uma den\u00fancia via WhatsApp que havia um carro abandonado na estrada que d\u00e1 acesso ao S\u00edtio Tabocas, ao chegar no local foi constatado a veracidade da informa\u00e7\u00e3o, tratava se de um ve\u00edculo Kia Sorento de cor Cinza e placa PFJ 1477 da cidade de Jo\u00e3o Pessoa, na ocasi\u00e3o o autom\u00f3vel apresentava avarias na parte frontal e ainda havia no interior do ve\u00edculo alguns grampos e um cofre provavelmente usado no assalto ao Banco na cidade de Santa Cruz do Capibaribe, diante do fato, o local foi isolado onde tamb\u00e9m foi acionado a Pol\u00edcia Civil, Pol\u00edcia Militar e Pol\u00edcia Federal.<\/p>\n<p>O efetivo do GATI da Pol\u00edcia Militar esteve no local juntamente com a GCM que conduziu ve\u00edculo at\u00e9 a Delegacia de Pol\u00edcia de Santa Cruz do Capibaribe para que fosse tomada as medidas consideradas cab\u00edveis.<\/p>\n<p><strong>CARIRI EM A\u00c7\u00c3O<\/strong><\/p>\n<p>Com\u00a0Esta\u00e7\u00e3o Not\u00edcias\/Foto: Reprodu\u00e7\u00e3o<\/p>\n<p>Leia mais not\u00edcias em\u00a0<a href=\"http:\/\/www.caririemacao.com\/\">caririemacao.com<\/a>, siga nossa p\u00e1gina no\u00a0<a href=\"https:\/\/www.facebook.com\/CaririEmAcao\/?ref=aymt_homepage_panel\">Facebook<\/a>,\u00a0<a href=\"https:\/\/www.instagram.com\/cariri_em_acao\/?hl=pt-br\">Instagram<\/a>\u00a0e <a href=\"https:\/\/www.youtube.com\/channel\/UCAptA0jQuYQy8vMhLt2m4qg\">Youtube<\/a>\u00a0e veja nossas mat\u00e9rias, v\u00eddeos e fotos. Voc\u00ea tamb\u00e9m pode enviar informa\u00e7\u00f5es \u00e0 Reda\u00e7\u00e3o do Portal Cariri em A\u00e7\u00e3o pelo WhatsApp (83) 9 9634.5791, (83) 9 9601-1162.<\/p>\n","protected":false},"excerpt":{"rendered":"<p>Na manh\u00e3 desta Ter\u00e7a-feira (31) a Guarda Civil Municipal de Brejo da Madre de Deus recebeu uma den\u00fancia via WhatsApp que havia um carro abandonado&hellip; <\/p>\n","protected":false},"author":1,"featured_media":59236,"comment_status":"closed","ping_status":"closed","sticky":false,"template":"","format":"standard","meta":{"sfsi_plus_gutenberg_text_before_share":"","sfsi_plus_gutenberg_show_text_before_share":"","sfsi_plus_gutenberg_icon_type":"","sfsi_plus_gutenberg_icon_alignemt":"","sfsi_plus_gutenburg_max_per_row":"","footnotes":""},"categories":[12],"tags":[],"class_list":["post-59235","post","type-post","status-publish","format-standard","has-post-thumbnail","hentry","category-policia"],"_links":{"self":[{"href":"https:\/\/www.caririemacao.com\/1\/wp-json\/wp\/v2\/posts\/59235","targetHints":{"allow":["GET"]}}],"collection":[{"href":"https:\/\/www.caririemacao.com\/1\/wp-json\/wp\/v2\/posts"}],"about":[{"href":"https:\/\/www.caririemacao.com\/1\/wp-json\/wp\/v2\/types\/post"}],"author":[{"embeddable":true,"href":"https:\/\/www.caririemacao.com\/1\/wp-json\/wp\/v2\/users\/1"}],"replies":[{"embeddable":true,"href":"https:\/\/www.caririemacao.com\/1\/wp-json\/wp\/v2\/comments?post=59235"}],"version-history":[{"count":1,"href":"https:\/\/www.caririemacao.com\/1\/wp-json\/wp\/v2\/posts\/59235\/revisions"}],"predecessor-version":[{"id":59237,"href":"https:\/\/www.caririemacao.com\/1\/wp-json\/wp\/v2\/posts\/59235\/revisions\/59237"}],"wp:featuredmedia":[{"embeddable":true,"href":"https:\/\/www.caririemacao.com\/1\/wp-json\/wp\/v2\/media\/59236"}],"wp:attachment":[{"href":"https:\/\/www.caririemacao.com\/1\/wp-json\/wp\/v2\/media?parent=59235"}],"wp:term":[{"taxonomy":"category","embeddable":true,"href":"https:\/\/www.caririemacao.com\/1\/wp-json\/wp\/v2\/categories?post=59235"},{"taxonomy":"post_tag","embeddable":true,"href":"https:\/\/www.caririemacao.com\/1\/wp-json\/wp\/v2\/tags?post=59235"}],"curies":[{"name":"wp","href":"https:\/\/api.w.org\/{rel}","templated":true}]}}