{"id":59240,"date":"2018-07-31T21:26:20","date_gmt":"2018-08-01T00:26:20","guid":{"rendered":"http:\/\/caririemacao.com\/1\/?p=59240"},"modified":"2018-07-31T21:26:43","modified_gmt":"2018-08-01T00:26:43","slug":"pagamento-em-dia-prefeitura-de-amparo-realizou-o-pagamento-do-mes-de-julho-aos-servidores-municipais","status":"publish","type":"post","link":"https:\/\/www.caririemacao.com\/1\/2018\/07\/31\/pagamento-em-dia-prefeitura-de-amparo-realizou-o-pagamento-do-mes-de-julho-aos-servidores-municipais\/","title":{"rendered":"Pagamento em Dia: Prefeitura de Amparo realizou o pagamento do m\u00eas de Julho aos servidores municipais"},"content":{"rendered":"<div>A Prefeitura Municipal de Amparo informou a toda a popula\u00e7\u00e3o Amparense que o pagamento dos servidores municipais, referente ao m\u00eas de Julho de 2018 j\u00e1 est\u00e1 em suas contas.\u00a0 Os pagamentos foram liberados na manh\u00e3 desta ter\u00e7a-feira (31).<\/div>\n<div><\/div>\n<div>Mesmo com dificuldade financeira, estamos conseguindo manter em dia o pagamento dos funcion\u00e1rios e os fornecedores e mais, estamos realizando diversas obras de infraestrutura em Amparo, realizamos tamb\u00e9m em Julho, a 2\u00aa edi\u00e7\u00e3o do Amparo Cabra Fest com recursos pr\u00f3prios e estamos fazendo muitas melhorias no atendimento da popula\u00e7\u00e3o. Temos a responsabilidade da gest\u00e3o do dinheiro p\u00fablico, uma das marcas da nossa administra\u00e7\u00e3o, que reflete diretamente no funcionalismo, isso tudo \u00e9 compromisso e resultado de muito trabalho para mantermos a ordem financeira do nosso Munic\u00edpio, mantendo os sal\u00e1rios em dia e honrando todos os compromissos financeiros da cidade, desta forma, a Prefeitura Municipal de Amparo segue realizando o pagamento dos sal\u00e1rios em dia.\u201d Disse o Prefeito.<\/div>\n<div><i>\u00a0<\/i><\/div>\n<div><strong>CARIRI EM A\u00c7\u00c3O<\/strong><\/div>\n<div>\n<p>Com Amparo Ligado<\/p>\n<p>Leia mais not\u00edcias em\u00a0<a href=\"http:\/\/www.caririemacao.com\/\">caririemacao.com<\/a>, siga nossa p\u00e1gina no\u00a0<a href=\"https:\/\/www.facebook.com\/CaririEmAcao\/?ref=aymt_homepage_panel\">Facebook<\/a>,\u00a0<a href=\"https:\/\/www.instagram.com\/cariri_em_acao\/?hl=pt-br\">Instagram<\/a>\u00a0e\u00a0<a href=\"https:\/\/www.youtube.com\/channel\/UCAptA0jQuYQy8vMhLt2m4qg\">Youtube<\/a>\u00a0e veja nossas mat\u00e9rias, v\u00eddeos e fotos. Voc\u00ea tamb\u00e9m pode enviar informa\u00e7\u00f5es \u00e0 Reda\u00e7\u00e3o do Portal Cariri em A\u00e7\u00e3o pelo WhatsApp (83) 9 9634.5791, (83) 9 9601-1162.<\/p>\n<\/div>\n","protected":false},"excerpt":{"rendered":"<p>A Prefeitura Municipal de Amparo informou a toda a popula\u00e7\u00e3o Amparense que o pagamento dos servidores municipais, referente ao m\u00eas de Julho de 2018 j\u00e1&hellip; <\/p>\n","protected":false},"author":1,"featured_media":27427,"comment_status":"closed","ping_status":"closed","sticky":false,"template":"","format":"standard","meta":{"sfsi_plus_gutenberg_text_before_share":"","sfsi_plus_gutenberg_show_text_before_share":"","sfsi_plus_gutenberg_icon_type":"","sfsi_plus_gutenberg_icon_alignemt":"","sfsi_plus_gutenburg_max_per_row":"","footnotes":""},"categories":[6],"tags":[],"class_list":["post-59240","post","type-post","status-publish","format-standard","has-post-thumbnail","hentry","category-cidades"],"_links":{"self":[{"href":"https:\/\/www.caririemacao.com\/1\/wp-json\/wp\/v2\/posts\/59240","targetHints":{"allow":["GET"]}}],"collection":[{"href":"https:\/\/www.caririemacao.com\/1\/wp-json\/wp\/v2\/posts"}],"about":[{"href":"https:\/\/www.caririemacao.com\/1\/wp-json\/wp\/v2\/types\/post"}],"author":[{"embeddable":true,"href":"https:\/\/www.caririemacao.com\/1\/wp-json\/wp\/v2\/users\/1"}],"replies":[{"embeddable":true,"href":"https:\/\/www.caririemacao.com\/1\/wp-json\/wp\/v2\/comments?post=59240"}],"version-history":[{"count":2,"href":"https:\/\/www.caririemacao.com\/1\/wp-json\/wp\/v2\/posts\/59240\/revisions"}],"predecessor-version":[{"id":59242,"href":"https:\/\/www.caririemacao.com\/1\/wp-json\/wp\/v2\/posts\/59240\/revisions\/59242"}],"wp:featuredmedia":[{"embeddable":true,"href":"https:\/\/www.caririemacao.com\/1\/wp-json\/wp\/v2\/media\/27427"}],"wp:attachment":[{"href":"https:\/\/www.caririemacao.com\/1\/wp-json\/wp\/v2\/media?parent=59240"}],"wp:term":[{"taxonomy":"category","embeddable":true,"href":"https:\/\/www.caririemacao.com\/1\/wp-json\/wp\/v2\/categories?post=59240"},{"taxonomy":"post_tag","embeddable":true,"href":"https:\/\/www.caririemacao.com\/1\/wp-json\/wp\/v2\/tags?post=59240"}],"curies":[{"name":"wp","href":"https:\/\/api.w.org\/{rel}","templated":true}]}}