{"id":59247,"date":"2018-07-31T21:35:36","date_gmt":"2018-08-01T00:35:36","guid":{"rendered":"http:\/\/caririemacao.com\/1\/?p=59247"},"modified":"2018-07-31T21:35:36","modified_gmt":"2018-08-01T00:35:36","slug":"fux-politico-nao-pode-forcar-situacao-para-ser-candidato-sub-judice","status":"publish","type":"post","link":"https:\/\/www.caririemacao.com\/1\/2018\/07\/31\/fux-politico-nao-pode-forcar-situacao-para-ser-candidato-sub-judice\/","title":{"rendered":"Fux: &#8216;Pol\u00edtico n\u00e3o pode for\u00e7ar situa\u00e7\u00e3o para ser candidato sub judice&#8217;"},"content":{"rendered":"<p><span class=\"news_capital_letter\">O\u00a0<\/span>presidente do Tribunal Superior Eleitoral (TSE) e ministro do Supremo Tribunal Federal (STF), Luiz Fux, afirmou ao jornal\u00a0O Estado de S. Paulo\u00a0na manh\u00e3 desta ter\u00e7a-feira, 31, em Salvador, que &#8220;um pol\u00edtico enquadrado na Lei da Ficha Limpa n\u00e3o pode for\u00e7ar uma situa\u00e7\u00e3o, se registrando, para se tornar um candidato sub judice&#8221;. As declara\u00e7\u00f5es foram dadas em uma escola da capital baiana, onde o ministro participou de evento.<\/p>\n<p>Apesar de n\u00e3o ter citado o ex-presidente Luiz In\u00e1cio Lula da Silva, condenado pela Opera\u00e7\u00e3o Lava Jato e preso em Curitiba (PR), Fux deu a declara\u00e7\u00e3o ao ser perguntado se a estrat\u00e9gia do PT, de registrar a candidatura do ex-presidente, causava inseguran\u00e7a jur\u00eddica na Justi\u00e7a Eleitoral.<\/p>\n<p>O ministro fez quest\u00e3o de diferenciar candidatos &#8220;sub judice&#8221; de candidatos &#8220;ineleg\u00edveis&#8221;, ao dizer que, no segundo caso, a inelegibilidade ocorreria ap\u00f3s uma condena\u00e7\u00e3o em segunda inst\u00e2ncia, conforme estabelece a Lei da Ficha Limpa.<\/p>\n<p>Nessa situa\u00e7\u00e3o, n\u00e3o haveria d\u00favida jur\u00eddica sobre a impossibilidade de a pessoa concorrer nas elei\u00e7\u00f5es. Para Fux, &#8220;o candidato sub judice \u00e9 aquele que tem a sua elegibilidade ainda sujeita \u00e0 aprecia\u00e7\u00e3o da Justi\u00e7a&#8221;.<\/p>\n<p>As ideias de Fux encontram eco em declara\u00e7\u00f5es de outros ministros do TSE que defendem a rejei\u00e7\u00e3o da candidatura do ex-presidente Lula &#8220;de of\u00edcio&#8221; pela Justi\u00e7a Eleitoral (sem esperar a apresenta\u00e7\u00e3o de um pedido de impugna\u00e7\u00e3o). O tamb\u00e9m ministro do TSE Admar Gonzaga concorda com essa possibilidade e j\u00e1 afirmou publicamente que o juiz pode rejeitar o registro de of\u00edcio com base na legisla\u00e7\u00e3o vigente.<\/p>\n<p>Fux j\u00e1 havia afirmado na segunda-feira, 30, tamb\u00e9m em Salvador, que a condena\u00e7\u00e3o em segunda inst\u00e2ncia \u00e9 suficiente para impedir a candidatura. Nesta ter\u00e7a, ao comentar a possibilidade de inseguran\u00e7a jur\u00eddica no caso Lula, ele reafirmou o entendimento.<\/p>\n<p>&#8220;No nosso modo de ver, o candidato condenado em segunda inst\u00e2ncia j\u00e1 \u00e9 ineleg\u00edvel. \u00c9 um candidato cuja situa\u00e7\u00e3o jur\u00eddica j\u00e1 est\u00e1 definida. N\u00e3o pode concorrer um candidato que n\u00e3o pode ser eleito&#8221;, afirmou o ministro, alegando que &#8220;n\u00e3o gostaria de personalizar nenhuma quest\u00e3o&#8221;.<\/p>\n<p>Em nenhum momento, contudo, Fux quis comentar diretamente o caso do ex-presidente Lula nas elei\u00e7\u00f5es 2018. O ministro alegou que ter\u00e1 que julgar o caso, o que o impede de falar sobre o assunto. &#8220;Eu n\u00e3o gostaria de abordar essa quest\u00e3o, porque, como integrante do Judici\u00e1rio, posso ter que apreciar (essa pauta). Como membro do Supremo, preciso ter isen\u00e7\u00e3o para decidir&#8221;, explicou.<\/p>\n<p><strong>CARIRI EM A\u00c7\u00c3O<\/strong><\/p>\n<p>Com O Estado de S. Paulo\/Foto: Reprodu\u00e7\u00e3o Internet<\/p>\n<p>Leia mais not\u00edcias em\u00a0<a href=\"http:\/\/www.caririemacao.com\/\">caririemacao.com<\/a>, siga nossa p\u00e1gina no\u00a0<a href=\"https:\/\/www.facebook.com\/CaririEmAcao\/?ref=aymt_homepage_panel\">Facebook<\/a>,\u00a0<a href=\"https:\/\/www.instagram.com\/cariri_em_acao\/?hl=pt-br\">Instagram<\/a>\u00a0e <a href=\"https:\/\/www.youtube.com\/channel\/UCAptA0jQuYQy8vMhLt2m4qg\">Youtube<\/a>\u00a0e veja nossas mat\u00e9rias, v\u00eddeos e fotos. Voc\u00ea tamb\u00e9m pode enviar informa\u00e7\u00f5es \u00e0 Reda\u00e7\u00e3o do Portal Cariri em A\u00e7\u00e3o pelo WhatsApp (83) 9 9634.5791, (83) 9 9601-1162.<\/p>\n","protected":false},"excerpt":{"rendered":"<p>O\u00a0presidente do Tribunal Superior Eleitoral (TSE) e ministro do Supremo Tribunal Federal (STF), Luiz Fux, afirmou ao jornal\u00a0O Estado de S. Paulo\u00a0na manh\u00e3 desta ter\u00e7a-feira,&hellip; <\/p>\n","protected":false},"author":1,"featured_media":8986,"comment_status":"closed","ping_status":"closed","sticky":false,"template":"","format":"standard","meta":{"sfsi_plus_gutenberg_text_before_share":"","sfsi_plus_gutenberg_show_text_before_share":"","sfsi_plus_gutenberg_icon_type":"","sfsi_plus_gutenberg_icon_alignemt":"","sfsi_plus_gutenburg_max_per_row":"","footnotes":""},"categories":[11],"tags":[],"class_list":["post-59247","post","type-post","status-publish","format-standard","has-post-thumbnail","hentry","category-politica"],"_links":{"self":[{"href":"https:\/\/www.caririemacao.com\/1\/wp-json\/wp\/v2\/posts\/59247","targetHints":{"allow":["GET"]}}],"collection":[{"href":"https:\/\/www.caririemacao.com\/1\/wp-json\/wp\/v2\/posts"}],"about":[{"href":"https:\/\/www.caririemacao.com\/1\/wp-json\/wp\/v2\/types\/post"}],"author":[{"embeddable":true,"href":"https:\/\/www.caririemacao.com\/1\/wp-json\/wp\/v2\/users\/1"}],"replies":[{"embeddable":true,"href":"https:\/\/www.caririemacao.com\/1\/wp-json\/wp\/v2\/comments?post=59247"}],"version-history":[{"count":1,"href":"https:\/\/www.caririemacao.com\/1\/wp-json\/wp\/v2\/posts\/59247\/revisions"}],"predecessor-version":[{"id":59248,"href":"https:\/\/www.caririemacao.com\/1\/wp-json\/wp\/v2\/posts\/59247\/revisions\/59248"}],"wp:featuredmedia":[{"embeddable":true,"href":"https:\/\/www.caririemacao.com\/1\/wp-json\/wp\/v2\/media\/8986"}],"wp:attachment":[{"href":"https:\/\/www.caririemacao.com\/1\/wp-json\/wp\/v2\/media?parent=59247"}],"wp:term":[{"taxonomy":"category","embeddable":true,"href":"https:\/\/www.caririemacao.com\/1\/wp-json\/wp\/v2\/categories?post=59247"},{"taxonomy":"post_tag","embeddable":true,"href":"https:\/\/www.caririemacao.com\/1\/wp-json\/wp\/v2\/tags?post=59247"}],"curies":[{"name":"wp","href":"https:\/\/api.w.org\/{rel}","templated":true}]}}