{"id":59256,"date":"2018-07-31T23:19:48","date_gmt":"2018-08-01T02:19:48","guid":{"rendered":"http:\/\/caririemacao.com\/1\/?p=59256"},"modified":"2018-07-31T23:50:58","modified_gmt":"2018-08-01T02:50:58","slug":"pp-fecha-com-joao-azevedo","status":"publish","type":"post","link":"https:\/\/www.caririemacao.com\/1\/2018\/07\/31\/pp-fecha-com-joao-azevedo\/","title":{"rendered":"PP de Daniela fecha com Jo\u00e3o Azev\u00eado"},"content":{"rendered":"<p>\u201cN\u00e3o tinha outro caminho a n\u00e3o ser tomar a decis\u00e3o de apoiar o nome de Jo\u00e3o Azev\u00eado, pois com certeza ser\u00e1 um grande governador. Primeiro pela experi\u00eancia que acumulou desde o tempo da Prefeitura de Jo\u00e3o Pessoa, e depois acompanhando e tocando todas as obras do Governo do Estado. Jo\u00e3o, efetivamente, conhece a Para\u00edba!\u201d. Foram com essas palavras que o prefeito de Araruna, Vital Costa (PP), anunciou seu apoio \u00e0 pr\u00e9-candidatura de Jo\u00e3o Azev\u00eado (PSB) ao Governo do Estado, na noite desta ter\u00e7a-feira (31).<\/p>\n<p>Vital Costa se reuniu com o pr\u00e9-candidato socialista e com o governador Ricardo Coutinho, presidente de honra do PSB na Para\u00edba, em Jo\u00e3o Pessoa. O prefeito de Araruna foi ao encontro de Jo\u00e3o acompanhando de diversas lideran\u00e7as pol\u00edticas de seu munic\u00edpio, como seu vice-prefeito, o ex-prefeito da cidade, vereadores, auxiliares e lideran\u00e7as de sua gest\u00e3o.<\/p>\n<p><img fetchpriority=\"high\" decoding=\"async\" class=\"aligncenter wp-image-59258 size-full\" src=\"http:\/\/caririemacao.com\/1\/wp-content\/uploads\/2018\/07\/IMG-20180731-WA0614.jpg\" alt=\"\" width=\"1280\" height=\"802\" srcset=\"https:\/\/www.caririemacao.com\/1\/wp-content\/uploads\/2018\/07\/IMG-20180731-WA0614.jpg 1024w, https:\/\/www.caririemacao.com\/1\/wp-content\/uploads\/2018\/07\/IMG-20180731-WA0614-300x188.jpg 300w, https:\/\/www.caririemacao.com\/1\/wp-content\/uploads\/2018\/07\/IMG-20180731-WA0614-768x481.jpg 768w\" sizes=\"(max-width: 1280px) 100vw, 1280px\" \/><\/p>\n<p>O prefeito progressista revelou que, antes de se reunir com Jo\u00e3o Azev\u00eado para anunciar sua posi\u00e7\u00e3o, ouviu correligion\u00e1rios e a popula\u00e7\u00e3o de sua cidade. \u201cOuvimos nossos companheiros de Araruna e eles nos encaminharam para essa decis\u00e3o, at\u00e9 porque, foi assim que n\u00f3s sempre fizemos pol\u00edtica: ouvindo e pregando a uni\u00e3o\u201d, destacou.<\/p>\n<p>Jo\u00e3o Azev\u00eado agradeceu o apoio de Vital Costa e de seu grupo pol\u00edtico, e disse que quer o quanto antes visitar a cidade de Araruna na companhia do prefeito. \u201c\u00c9 importante o reconhecimento dos prefeitos ao trabalho que est\u00e1 sendo desenvolvido no Estado e a consci\u00eancia de que esse trabalho n\u00e3o pode parar. Essa consci\u00eancia cada vez se espalha mais entre os cidad\u00e3os da Para\u00edba e tamb\u00e9m entre as lideran\u00e7as pol\u00edticas\u201d, afirmou.<\/p>\n<p>Al\u00e9m de Vital Costa, tamb\u00e9m anunciaram apoio \u00e0 pr\u00e9-candidatura de Jo\u00e3o nesta ter\u00e7a, o vice-prefeito Iran Motos (PSL); o ex-prefeito Availdo Azevedo; os vereadores Lu\u00eds Martiniano (PP), Lurdinha Odon (PP), Rodolfo Cordeiro (SD), Ant\u00f4nio Bidu (PP); os suplentes de vereador Vav\u00e1 Camilo (PSL) e Rademaker Borges (PTB); e os ex-vereadores Rivaldo Alves e Elza Borges.<\/p>\n<p>Ainda integraram a comitiva do prefeito de Araruna em apoio a Jo\u00e3o, o chefe de Gabinete, Ikaro Morais; a secret\u00e1ria de Sa\u00fade, Am\u00e9rica Loudal; o secret\u00e1rio de Administra\u00e7\u00e3o e Finan\u00e7as, F\u00e1bio C\u00e2mara; o pregoeiro da prefeitura, Thiago Belmont; e o secret\u00e1rio de Turismo, Edvaldo Costa.<\/p>\n<p><strong>CARIRI EM A\u00c7\u00c3O<\/strong><\/p>\n<p>Com Ti\u00e3o Lucena\/Foto: Reprodu\u00e7\u00e3o Internet<\/p>\n<p>Leia mais not\u00edcias em\u00a0<a style=\"font-style: inherit; font-weight: inherit;\" href=\"http:\/\/www.caririemacao.com\/\">caririemacao.com<\/a>, siga nossa p\u00e1gina no\u00a0<a style=\"font-style: inherit; font-weight: inherit;\" href=\"https:\/\/www.facebook.com\/CaririEmAcao\/?ref=aymt_homepage_panel\">Facebook<\/a>,\u00a0<a style=\"font-style: inherit; font-weight: inherit;\" href=\"https:\/\/www.instagram.com\/cariri_em_acao\/?hl=pt-br\">Instagram<\/a>\u00a0e\u00a0<a style=\"font-style: inherit; font-weight: inherit;\" href=\"https:\/\/www.youtube.com\/channel\/UCAptA0jQuYQy8vMhLt2m4qg\">Youtube<\/a>\u00a0e veja nossas mat\u00e9rias, v\u00eddeos e fotos. Voc\u00ea tamb\u00e9m pode enviar informa\u00e7\u00f5es \u00e0 Reda\u00e7\u00e3o do Portal Cariri em A\u00e7\u00e3o pelo WhatsApp (83) 9 9634.5791, (83) 9 9601-1162.<\/p>\n","protected":false},"excerpt":{"rendered":"<p>\u201cN\u00e3o tinha outro caminho a n\u00e3o ser tomar a decis\u00e3o de apoiar o nome de Jo\u00e3o Azev\u00eado, pois com certeza ser\u00e1 um grande governador. Primeiro&hellip; <\/p>\n","protected":false},"author":1,"featured_media":59257,"comment_status":"closed","ping_status":"closed","sticky":false,"template":"","format":"standard","meta":{"sfsi_plus_gutenberg_text_before_share":"","sfsi_plus_gutenberg_show_text_before_share":"","sfsi_plus_gutenberg_icon_type":"","sfsi_plus_gutenberg_icon_alignemt":"","sfsi_plus_gutenburg_max_per_row":"","footnotes":""},"categories":[1],"tags":[],"class_list":["post-59256","post","type-post","status-publish","format-standard","has-post-thumbnail","hentry","category-o-site"],"_links":{"self":[{"href":"https:\/\/www.caririemacao.com\/1\/wp-json\/wp\/v2\/posts\/59256","targetHints":{"allow":["GET"]}}],"collection":[{"href":"https:\/\/www.caririemacao.com\/1\/wp-json\/wp\/v2\/posts"}],"about":[{"href":"https:\/\/www.caririemacao.com\/1\/wp-json\/wp\/v2\/types\/post"}],"author":[{"embeddable":true,"href":"https:\/\/www.caririemacao.com\/1\/wp-json\/wp\/v2\/users\/1"}],"replies":[{"embeddable":true,"href":"https:\/\/www.caririemacao.com\/1\/wp-json\/wp\/v2\/comments?post=59256"}],"version-history":[{"count":2,"href":"https:\/\/www.caririemacao.com\/1\/wp-json\/wp\/v2\/posts\/59256\/revisions"}],"predecessor-version":[{"id":59264,"href":"https:\/\/www.caririemacao.com\/1\/wp-json\/wp\/v2\/posts\/59256\/revisions\/59264"}],"wp:featuredmedia":[{"embeddable":true,"href":"https:\/\/www.caririemacao.com\/1\/wp-json\/wp\/v2\/media\/59257"}],"wp:attachment":[{"href":"https:\/\/www.caririemacao.com\/1\/wp-json\/wp\/v2\/media?parent=59256"}],"wp:term":[{"taxonomy":"category","embeddable":true,"href":"https:\/\/www.caririemacao.com\/1\/wp-json\/wp\/v2\/categories?post=59256"},{"taxonomy":"post_tag","embeddable":true,"href":"https:\/\/www.caririemacao.com\/1\/wp-json\/wp\/v2\/tags?post=59256"}],"curies":[{"name":"wp","href":"https:\/\/api.w.org\/{rel}","templated":true}]}}