{"id":59267,"date":"2018-08-01T00:20:05","date_gmt":"2018-08-01T03:20:05","guid":{"rendered":"http:\/\/caririemacao.com\/1\/?p=59267"},"modified":"2018-08-01T00:20:05","modified_gmt":"2018-08-01T03:20:05","slug":"alvaro-neto-pre-candidato-pelo-avante-denuncia-nepotismo-e-negociatas-na-politica","status":"publish","type":"post","link":"https:\/\/www.caririemacao.com\/1\/2018\/08\/01\/alvaro-neto-pre-candidato-pelo-avante-denuncia-nepotismo-e-negociatas-na-politica\/","title":{"rendered":"\u00c1lvaro Neto, pr\u00e9-candidato pelo Avante, denuncia nepotismo e negociatas na pol\u00edtica"},"content":{"rendered":"<p>pr\u00e9-candidato pelo Avante, \u00c1lvaro Neto, denuncia em artigo publicado nesta ter\u00e7a-feira (31), nepotismo e negociatas na pol\u00edtica. De acordo com Neto,\u00a0na Para\u00edba todo o deputado federal controla um partido pol\u00edtico. \u201cCada um \u00e9 dono de um partido\u201d.<\/p>\n<p>Ele disse ainda que discorda do crit\u00e9rio de fam\u00edlias ocuparem os espa\u00e7os nas Casas do Congresso Nacional (Senado e C\u00e2mara).\u00a0\u2018Isso deixa nosso parlamento menos democr\u00e1tico e menos representativo\u201d.<\/p>\n<p><strong>Leia na \u00edntegra:<\/strong><\/p>\n<p><em>TEMAS PARA REFLEX\u00c3O. POR \u00c1LVARO GAUD\u00caNCIO NETO<\/em><\/p>\n<p><em>\u00c9 grande o desgaste que os tr\u00eas Poderes da Rep\u00fablica enfrentam perante a opini\u00e3o p\u00fablica brasileira. N\u00e3o escapa ningu\u00e9m. O desgaste que o presidente Michel Temer enfrenta \u00e9 o maior que j\u00e1 experimentou um Presidente da Rep\u00fablica. No Judici\u00e1rio, fala-se muito da imoralidade do aux\u00edlio moradia para Juiz. E no Senado e na C\u00e2mara dos Deputados s\u00e3o poucos os que escapam do xingamento do povo, por conta da pr\u00e1tica de corrup\u00e7\u00e3o e tantas outras mazelas que v\u00eam sendo praticadas por senadores e deputados federais. Por isso, toda e qualquer decis\u00e3o adotada pelo Congresso Nacional \u00e9 ileg\u00edtima, n\u00e3o merecendo o apoio da opini\u00e3o p\u00fablica do Brasil.<\/em><\/p>\n<p><em>Um dos temas que envolvem o Congresso Nacional diz respeito \u00e0 legisla\u00e7\u00e3o eleitoral, sendo de compet\u00eancia do Congresso alter\u00e1-la, quando necess\u00e1rio. No entanto, os parlamentares que fazem as reformas sempre pensam nos benef\u00edcios para si pr\u00f3prios, ou seja, para os que j\u00e1 possuem mandatos.<\/em><\/p>\n<p><em>Atualmente, com o pluripartidarismo, observa-se que os parlamentares com assento no Congresso Nacional s\u00e3o donos de uma sigla partid\u00e1ria em seus respectivos estados. Sendo detentor de um mandato, os partidos t\u00eam interesse em abrigar parlamentares para influenciar o aumento do fundo partid\u00e1rio, cujos c\u00e1lculos s\u00e3o feitos com base no n\u00famero de deputados federais filiados a determinada legenda partid\u00e1ria. Tamb\u00e9m quando chegam as elei\u00e7\u00f5es, transferem-se bilh\u00f5es e bilh\u00f5es de reais para os partidos pol\u00edticos, em nome do financiamento de campanha eleitoral. \u00c9 UMA IMORALIDADE! Ser\u00e1 que os deputados federais atuais s\u00e3o confi\u00e1veis para administrar tanto dinheiro que chegar\u00e3o as suas m\u00e3os nesta campanha pol\u00edtica?<\/em><\/p>\n<p><em>Nos \u00faltimos anos a Petrobras passou a ser o alvo de muitos pol\u00edticos, intermediando dinheiro daquela empresa para encher o \u201cbolso\u201d de gente inescrupulosa. Hoje, tememos que o alvo seja o dinheiro p\u00fablico, que \u00e9 do povo, que ser\u00e1 manipulado nestas elei\u00e7\u00f5es, atrav\u00e9s dos partidos pol\u00edticos. Por isso a sede de muitos parlamentares, para se apropriarem de um partido pol\u00edtico no \u00e2mbito do seu Estado. \u00c9 muito dinheiro que passar\u00e1 pelas m\u00e3os dos dirigentes destes partidos.<\/em><\/p>\n<p><em>Vamos analisar um pouco da realidade do nosso estado, a Para\u00edba. Aqui, todo o deputado federal controla um partido pol\u00edtico. Cada um \u00e9 dono de um partido. Se n\u00e3o vejamos:<\/em><\/p>\n<p><em>Comecemos pela situa\u00e7\u00e3o do meu amigo deputado federal Veneziano Vital do Rego. Era filiado ao PMDB. Com a sua desfilia\u00e7\u00e3o deste partido, o PODEMOS passou a ser a op\u00e7\u00e3o. Mesmo decidindo filiar-se ao PSB do governador Ricardo Coutinho, o deputado Veneziano \u201ccombinou\u201d com o PODEMOS de deixar neste partido a sua esposa Ana Cl\u00e1udia, sob o argumento de que ela ficaria em seu lugar. E assim, com a promessa dela sair candidata \u00e0 deputada federal, com amplas chances de vit\u00f3ria, Veneziano convenceu a dire\u00e7\u00e3o nacional do partido de que a sigla vai ser contemplada na contabilidade dos recursos do fundo partid\u00e1rio, com a elei\u00e7\u00e3o de sua mulher.<\/em><\/p>\n<p><em>Neste caso, n\u00e3o obstante o atual deputado Veneziano carregar boas chances de vit\u00f3ria como postulante a uma cadeira no Senado Federal, a sua esposa passa a ser mais cobi\u00e7ada pelo PODEMOS, porque a sua elei\u00e7\u00e3o para Deputada Federal entrar\u00e1 na contabilidade do fundo partid\u00e1rio, aumentando a receita de recursos p\u00fablicos em favor da legenda.<\/em><\/p>\n<p><em>Em rela\u00e7\u00e3o ainda ao PODEMOS, o partido ter\u00e1 na Para\u00edba o comando do casal Veneziano\/Ana Claudia. \u00d3timo \u2013 para quem?<\/em><\/p>\n<p><em>Com a elei\u00e7\u00e3o de Veneziano para o Senado a Para\u00edba estar\u00e1 muito bem representada. Caso a esposa tamb\u00e9m se eleja, n\u00e3o resta d\u00favida, que o povo tamb\u00e9m estar\u00e1 representado. Numa hip\u00f3tese remota, caso o senador Maranh\u00e3o seja vitorioso, dona Nilda Gondim, m\u00e3e e sogra do casal referido, assume uma cadeira no Senado. Ou seja, uma fam\u00edlia apenas ocupando tr\u00eas cadeiras no Congresso Nacional. E os demais postulantes que votam no dr. Jo\u00e3o Azevedo para Governador e que s\u00e3o candidatos, como \u00e9 o meu caso, v\u00e3o servir apenas para bater esteira para a elei\u00e7\u00e3o de fam\u00edlias da pol\u00edtica paraibana?<\/em><\/p>\n<p><em>Reafirmo o carinho e admira\u00e7\u00e3o que tenho pela pessoa do atual deputado federal Veneziano Vital do Rego. No entanto, me permito discordar do crit\u00e9rio de fam\u00edlias ocuparem os espa\u00e7os nas Casas do Congresso Nacional (Senado e C\u00e2mara), deixando o nosso Parlamento menos democr\u00e1tico e menos representativo.<\/em><\/p>\n<p><em>Coment\u00e1rios da imprensa tamb\u00e9m falam que o deputado federal Luiz Couto, do PT, n\u00e3o mais ser\u00e1 candidato a deputado federal e sim a uma vaga de Senador. A milit\u00e2ncia do Partido dos Trabalhadores j\u00e1 informa que o partido n\u00e3o pode abrir m\u00e3o da vaga de Luiz Couto na C\u00e2mara dos Deputados, como se o cargo de Senador seja menos importante.<\/em><\/p>\n<p><em>Se olharmos para os partidos advers\u00e1rios a\u00ed \u00e9 que a coisa \u00e9 gritante. Para ser candidato a governador, o candidato tem de ser o irm\u00e3o do prefeito da Capital. A candidata a vice-governadora tem de ser ocupada pela mulher do prefeito de Campina. Este, por sua vez, lan\u00e7a tamb\u00e9m o seu irm\u00e3o para deputado estadual. O prefeito da Capital tamb\u00e9m lan\u00e7a sua mulher para ser suplente de senadora do senador Cunha Lima, que por sua vez j\u00e1 tem o filho para, num futuro pr\u00f3ximo, comandar outro partido no Estado, como Deputado Federal. \u00c9 uma barra.<\/em><\/p>\n<p><em>N\u00e3o sei se vale a pena continuar na pol\u00edtica assistindo a esse pingue pongue dos atuais detentores de mandato. O povo revoltado com essas manobras diz n\u00e3o votar mais em ningu\u00e9m nestas elei\u00e7\u00f5es, o que discordo, apesar de entender. Mas as pessoas cansam.<\/em><\/p>\n<p><strong>CARIRI EM A\u00c7\u00c3O<\/strong><\/p>\n<p>Com Wscom\/Foto: Reprodu\u00e7\u00e3o Internet<\/p>\n<p>Leia mais not\u00edcias em\u00a0<a href=\"http:\/\/www.caririemacao.com\/\">caririemacao.com<\/a>, siga nossa p\u00e1gina no\u00a0<a href=\"https:\/\/www.facebook.com\/CaririEmAcao\/?ref=aymt_homepage_panel\">Facebook<\/a>,\u00a0<a href=\"https:\/\/www.instagram.com\/cariri_em_acao\/?hl=pt-br\">Instagram<\/a>\u00a0e\u00a0<a href=\"https:\/\/www.youtube.com\/channel\/UCAptA0jQuYQy8vMhLt2m4qg\">Youtube<\/a>\u00a0e veja nossas mat\u00e9rias, v\u00eddeos e fotos. Voc\u00ea tamb\u00e9m pode enviar informa\u00e7\u00f5es \u00e0 Reda\u00e7\u00e3o do Portal Cariri em A\u00e7\u00e3o pelo WhatsApp (83) 9 9634.5791, (83) 9 9601-1162.<\/p>\n","protected":false},"excerpt":{"rendered":"<p>pr\u00e9-candidato pelo Avante, \u00c1lvaro Neto, denuncia em artigo publicado nesta ter\u00e7a-feira (31), nepotismo e negociatas na pol\u00edtica. De acordo com Neto,\u00a0na Para\u00edba todo o deputado&hellip; <\/p>\n","protected":false},"author":1,"featured_media":20655,"comment_status":"closed","ping_status":"closed","sticky":false,"template":"","format":"standard","meta":{"sfsi_plus_gutenberg_text_before_share":"","sfsi_plus_gutenberg_show_text_before_share":"","sfsi_plus_gutenberg_icon_type":"","sfsi_plus_gutenberg_icon_alignemt":"","sfsi_plus_gutenburg_max_per_row":"","footnotes":""},"categories":[11],"tags":[],"class_list":["post-59267","post","type-post","status-publish","format-standard","has-post-thumbnail","hentry","category-politica"],"_links":{"self":[{"href":"https:\/\/www.caririemacao.com\/1\/wp-json\/wp\/v2\/posts\/59267","targetHints":{"allow":["GET"]}}],"collection":[{"href":"https:\/\/www.caririemacao.com\/1\/wp-json\/wp\/v2\/posts"}],"about":[{"href":"https:\/\/www.caririemacao.com\/1\/wp-json\/wp\/v2\/types\/post"}],"author":[{"embeddable":true,"href":"https:\/\/www.caririemacao.com\/1\/wp-json\/wp\/v2\/users\/1"}],"replies":[{"embeddable":true,"href":"https:\/\/www.caririemacao.com\/1\/wp-json\/wp\/v2\/comments?post=59267"}],"version-history":[{"count":1,"href":"https:\/\/www.caririemacao.com\/1\/wp-json\/wp\/v2\/posts\/59267\/revisions"}],"predecessor-version":[{"id":59268,"href":"https:\/\/www.caririemacao.com\/1\/wp-json\/wp\/v2\/posts\/59267\/revisions\/59268"}],"wp:featuredmedia":[{"embeddable":true,"href":"https:\/\/www.caririemacao.com\/1\/wp-json\/wp\/v2\/media\/20655"}],"wp:attachment":[{"href":"https:\/\/www.caririemacao.com\/1\/wp-json\/wp\/v2\/media?parent=59267"}],"wp:term":[{"taxonomy":"category","embeddable":true,"href":"https:\/\/www.caririemacao.com\/1\/wp-json\/wp\/v2\/categories?post=59267"},{"taxonomy":"post_tag","embeddable":true,"href":"https:\/\/www.caririemacao.com\/1\/wp-json\/wp\/v2\/tags?post=59267"}],"curies":[{"name":"wp","href":"https:\/\/api.w.org\/{rel}","templated":true}]}}