{"id":59275,"date":"2018-08-01T01:53:08","date_gmt":"2018-08-01T04:53:08","guid":{"rendered":"http:\/\/caririemacao.com\/1\/?p=59275"},"modified":"2018-08-01T01:53:08","modified_gmt":"2018-08-01T04:53:08","slug":"campeonato-de-futebol-de-minicampo-sera-realizado-na-comunidade-de-cacimba-nova-em-sao-joao-do-tigre","status":"publish","type":"post","link":"https:\/\/www.caririemacao.com\/1\/2018\/08\/01\/campeonato-de-futebol-de-minicampo-sera-realizado-na-comunidade-de-cacimba-nova-em-sao-joao-do-tigre\/","title":{"rendered":"Campeonato de Futebol de Minicampo ser\u00e1 realizado na comunidade de Cacimba Nova em S\u00e3o Jo\u00e3o do Tigre"},"content":{"rendered":"<p>Ser\u00e1 realizado neste s\u00e1bado (04) de agosto mais uma rodada do Campeonato de Futebol de Minicampo na comunidade de Cacimba Nova, munic\u00edpio de S\u00e3o Jo\u00e3o do Tigre-PB, com a participa\u00e7\u00e3o das equipes:<\/p>\n<p>Equipe os Vaqueiros que jogar\u00e1 contra a equipe do Flamengo de Santa Maria. A partida acontece \u00e0s 14h30min e promete ser um grande jogo.<\/p>\n<p>J\u00e1 o segundo jogo da tarde fica por conta das equipes de Uni\u00e3o de Cacimba Nova e Pe\u00f1arol\u00a0 ambas do distrito de Cacimba Nova, a partida que \u00e9 considerado o cl\u00e1ssico do campeonato ter\u00e1 inicio \u00e0s 15h30min. As equipes se enfrentam pelas as quartas de final<\/p>\n<p>Os organizadores do campeonato convidam a todos os populares e torcedores para torcer por suas equipes.\u00a0 O Campeonato de Futebol de Minicampo de Cacimba Nova recebe o apoio da Prefeitura Municipal em nome do prefeito, C\u00e9lio Barbosa, do Secret\u00e1rio M\u00e1rcio Leite e\u00a0 de Dedy Martins.<\/p>\n<p><strong>CARIRI EM A\u00c7\u00c3O<\/strong><\/p>\n<p>Com Cacimbinha News\/Foto: Reprodu\u00e7\u00e3o Internet<\/p>\n<p>Leia mais not\u00edcias em\u00a0<a href=\"http:\/\/www.caririemacao.com\/\">caririemacao.com<\/a>, siga nossa p\u00e1gina no\u00a0<a href=\"https:\/\/www.facebook.com\/CaririEmAcao\/?ref=aymt_homepage_panel\">Facebook<\/a>,\u00a0<a href=\"https:\/\/www.instagram.com\/cariri_em_acao\/?hl=pt-br\">Instagram<\/a>\u00a0e\u00a0<a href=\"https:\/\/www.youtube.com\/channel\/UCAptA0jQuYQy8vMhLt2m4qg\">Youtube<\/a>\u00a0e veja nossas mat\u00e9rias, v\u00eddeos e fotos. Voc\u00ea tamb\u00e9m pode enviar informa\u00e7\u00f5es \u00e0 Reda\u00e7\u00e3o do Portal Cariri em A\u00e7\u00e3o pelo WhatsApp (83) 9 9634.5791, (83) 9 9601-1162.<\/p>\n","protected":false},"excerpt":{"rendered":"<p>Ser\u00e1 realizado neste s\u00e1bado (04) de agosto mais uma rodada do Campeonato de Futebol de Minicampo na comunidade de Cacimba Nova, munic\u00edpio de S\u00e3o Jo\u00e3o&hellip; <\/p>\n","protected":false},"author":1,"featured_media":59276,"comment_status":"closed","ping_status":"closed","sticky":false,"template":"","format":"standard","meta":{"sfsi_plus_gutenberg_text_before_share":"","sfsi_plus_gutenberg_show_text_before_share":"","sfsi_plus_gutenberg_icon_type":"","sfsi_plus_gutenberg_icon_alignemt":"","sfsi_plus_gutenburg_max_per_row":"","footnotes":""},"categories":[13],"tags":[],"class_list":["post-59275","post","type-post","status-publish","format-standard","has-post-thumbnail","hentry","category-esportes"],"_links":{"self":[{"href":"https:\/\/www.caririemacao.com\/1\/wp-json\/wp\/v2\/posts\/59275","targetHints":{"allow":["GET"]}}],"collection":[{"href":"https:\/\/www.caririemacao.com\/1\/wp-json\/wp\/v2\/posts"}],"about":[{"href":"https:\/\/www.caririemacao.com\/1\/wp-json\/wp\/v2\/types\/post"}],"author":[{"embeddable":true,"href":"https:\/\/www.caririemacao.com\/1\/wp-json\/wp\/v2\/users\/1"}],"replies":[{"embeddable":true,"href":"https:\/\/www.caririemacao.com\/1\/wp-json\/wp\/v2\/comments?post=59275"}],"version-history":[{"count":1,"href":"https:\/\/www.caririemacao.com\/1\/wp-json\/wp\/v2\/posts\/59275\/revisions"}],"predecessor-version":[{"id":59277,"href":"https:\/\/www.caririemacao.com\/1\/wp-json\/wp\/v2\/posts\/59275\/revisions\/59277"}],"wp:featuredmedia":[{"embeddable":true,"href":"https:\/\/www.caririemacao.com\/1\/wp-json\/wp\/v2\/media\/59276"}],"wp:attachment":[{"href":"https:\/\/www.caririemacao.com\/1\/wp-json\/wp\/v2\/media?parent=59275"}],"wp:term":[{"taxonomy":"category","embeddable":true,"href":"https:\/\/www.caririemacao.com\/1\/wp-json\/wp\/v2\/categories?post=59275"},{"taxonomy":"post_tag","embeddable":true,"href":"https:\/\/www.caririemacao.com\/1\/wp-json\/wp\/v2\/tags?post=59275"}],"curies":[{"name":"wp","href":"https:\/\/api.w.org\/{rel}","templated":true}]}}