{"id":59279,"date":"2018-08-01T07:23:38","date_gmt":"2018-08-01T10:23:38","guid":{"rendered":"http:\/\/caririemacao.com\/1\/?p=59279"},"modified":"2018-08-01T13:37:40","modified_gmt":"2018-08-01T16:37:40","slug":"dupla-e-baleada-apos-perseguicao-policial-e-troca-de-tiros","status":"publish","type":"post","link":"https:\/\/www.caririemacao.com\/1\/2018\/08\/01\/dupla-e-baleada-apos-perseguicao-policial-e-troca-de-tiros\/","title":{"rendered":"Dupla \u00e9 baleada ap\u00f3s persegui\u00e7\u00e3o policial e troca de tiros"},"content":{"rendered":"<p>Dois rapazes suspeitos de roubo, foram baleados ap\u00f3s uma persegui\u00e7\u00e3o policial na noite desta ter\u00e7a-feira, (31), em Patos.<\/p>\n<p>A Pol\u00edcia Militar informou que a dupla foi interceptada quando estavam em uma moto. Ao avistarem a viatura, os suspeitos sacaram uma arma e houve troca de tiros. Os dois foram baleados e socorridos para o Hospital Regional de Patos.<\/p>\n<p>Com a dupla, a PM apreendeu uma motocicleta, um rev\u00f3lver calibre 22 e um simulacro de pistola.<\/p>\n<p>Um dos suspeitos passou por procedimento cir\u00fargico e permanece internado em estado grave no HRP. O outro acusado, recebeu atendimento e foi levado para a Delegacia de Pol\u00edcia Civil de Patos.<\/p>\n","protected":false},"excerpt":{"rendered":"<p>Dois rapazes suspeitos de roubo, foram baleados ap\u00f3s uma persegui\u00e7\u00e3o policial na noite desta ter\u00e7a-feira, (31), em Patos. A Pol\u00edcia Militar informou que a dupla&hellip; <\/p>\n","protected":false},"author":1,"featured_media":37820,"comment_status":"closed","ping_status":"closed","sticky":false,"template":"","format":"standard","meta":{"sfsi_plus_gutenberg_text_before_share":"","sfsi_plus_gutenberg_show_text_before_share":"","sfsi_plus_gutenberg_icon_type":"","sfsi_plus_gutenberg_icon_alignemt":"","sfsi_plus_gutenburg_max_per_row":"","footnotes":""},"categories":[12],"tags":[],"class_list":["post-59279","post","type-post","status-publish","format-standard","has-post-thumbnail","hentry","category-policia"],"_links":{"self":[{"href":"https:\/\/www.caririemacao.com\/1\/wp-json\/wp\/v2\/posts\/59279","targetHints":{"allow":["GET"]}}],"collection":[{"href":"https:\/\/www.caririemacao.com\/1\/wp-json\/wp\/v2\/posts"}],"about":[{"href":"https:\/\/www.caririemacao.com\/1\/wp-json\/wp\/v2\/types\/post"}],"author":[{"embeddable":true,"href":"https:\/\/www.caririemacao.com\/1\/wp-json\/wp\/v2\/users\/1"}],"replies":[{"embeddable":true,"href":"https:\/\/www.caririemacao.com\/1\/wp-json\/wp\/v2\/comments?post=59279"}],"version-history":[{"count":6,"href":"https:\/\/www.caririemacao.com\/1\/wp-json\/wp\/v2\/posts\/59279\/revisions"}],"predecessor-version":[{"id":59343,"href":"https:\/\/www.caririemacao.com\/1\/wp-json\/wp\/v2\/posts\/59279\/revisions\/59343"}],"wp:featuredmedia":[{"embeddable":true,"href":"https:\/\/www.caririemacao.com\/1\/wp-json\/wp\/v2\/media\/37820"}],"wp:attachment":[{"href":"https:\/\/www.caririemacao.com\/1\/wp-json\/wp\/v2\/media?parent=59279"}],"wp:term":[{"taxonomy":"category","embeddable":true,"href":"https:\/\/www.caririemacao.com\/1\/wp-json\/wp\/v2\/categories?post=59279"},{"taxonomy":"post_tag","embeddable":true,"href":"https:\/\/www.caririemacao.com\/1\/wp-json\/wp\/v2\/tags?post=59279"}],"curies":[{"name":"wp","href":"https:\/\/api.w.org\/{rel}","templated":true}]}}