{"id":59282,"date":"2018-08-01T07:26:13","date_gmt":"2018-08-01T10:26:13","guid":{"rendered":"http:\/\/caririemacao.com\/1\/?p=59282"},"modified":"2018-08-01T07:26:13","modified_gmt":"2018-08-01T10:26:13","slug":"amamentacao-com-seis-bancos-de-leite-paraiba-tem-baixas-taxas-de-aleitamento-materno","status":"publish","type":"post","link":"https:\/\/www.caririemacao.com\/1\/2018\/08\/01\/amamentacao-com-seis-bancos-de-leite-paraiba-tem-baixas-taxas-de-aleitamento-materno\/","title":{"rendered":"Amamenta\u00e7\u00e3o: com seis bancos de leite, Para\u00edba tem baixas taxas de aleitamento materno"},"content":{"rendered":"<p>\u00c9 celebrado nesta quarta-feira (1\u00ba) o Dia Mundial da Amamenta\u00e7\u00e3o, que procura conscientizar a popula\u00e7\u00e3o sobre a import\u00e2ncia do leite materno para as crian\u00e7as de at\u00e9 dois anos.\u00a0 Conforme a Organiza\u00e7\u00e3o Mundial da Sa\u00fade (OMS), as crian\u00e7as devem ser alimentadas exclusivamente com leite materno at\u00e9 os seis meses de idade; o \u00f3rg\u00e3o recomenda ainda que elas continuem recebendo leite materno at\u00e9 os dois anos de idade ou mais, em conjunto com outros alimentos.<\/p>\n<p>O n\u00famero de m\u00e3es que seguem essas recomenda\u00e7\u00f5es, entretanto, ainda \u00e9 pequeno. Conforme levantamento realizado pelo Minist\u00e9rio da Sa\u00fade em cinco cidades da Para\u00edba, Jo\u00e3o Pessoa \u00e9 o munic\u00edpio do Estado com a maior preval\u00eancia de crian\u00e7as de at\u00e9 6 meses em amamenta\u00e7\u00e3o exclusiva, mas com uma taxa de apenas 39,1%. Na cidade de Pedras de Fogo, a quantidade \u00e9 ainda menor: 20,1% das crian\u00e7as pesquisadas com menos de 6 meses estavam em amamenta\u00e7\u00e3o exclusiva.<\/p>\n<p>Os resultados v\u00e3o ao encontro de outra pesquisa, realizada pela Universidade Federal da Para\u00edba (UFPB) e pelo Instituto de Sa\u00fade de S\u00e3o Paulo. Com uma amostra de 5.744 crian\u00e7as de at\u00e9 seis anos de idade em 70 cidades paraibanas, os pesquisadores chegaram ao alarmante n\u00famero de somente 16,6% das crian\u00e7as em aleitamento materno exclusivo.<\/p>\n<p>De acordo com a pediatra K\u00e1tia Laureano, o leite cont\u00e9m todas as prote\u00ednas, vitaminas e outros nutrientes essenciais ao desenvolvimento infantil. \u201cO leite materno traz para a crian\u00e7a um estado imunit\u00e1rio que nenhum outro leite ou alimento pode proporcionar\u201d, explica. Segundo\u00a0 a m\u00e9dica, crian\u00e7as cuja alimenta\u00e7\u00e3o consiste exclusivamente de leite materno at\u00e9 os seis meses est\u00e3o menos propensas a doen\u00e7as, alergias e exibem melhor desenvolvimento psicomotor. \u201cSem contar a importante liga\u00e7\u00e3o que \u00e9 criada entre m\u00e3e e filho no momento da amamenta\u00e7\u00e3o\u201d, diz.<\/p>\n<p>Conforme Laureano, a partir dos seis meses os pais podem gradativamente combinar o aleitamento com outros alimentos, como frutas, legumes e verduras. \u201cIsso n\u00e3o significa desmame\u201d, refor\u00e7a. \u201cA amamenta\u00e7\u00e3o deve continuar pelo menos at\u00e9 os dois anos de idade, e at\u00e9 al\u00e9m disso, se quiserem\u201d, aconselha.<\/p>\n<p><strong>Bancos de leite<\/strong><\/p>\n<p>K\u00e1tia Laureano ressalta que muitas m\u00e3es, entretanto, t\u00eam dificuldades em amamentar \u2013 seja por baixa produ\u00e7\u00e3o ou secre\u00e7\u00e3o de leite, problema conhecido como hipogalactia; seja por quest\u00f5es f\u00edsicas, como mamilos invertidos; pela pega inadequada do beb\u00ea; por quest\u00f5es psicol\u00f3gicas, dentre outras raz\u00f5es.<\/p>\n<div id=\"attachment_149767\" class=\"wp-caption aligncenter\">\n<p class=\"wp-caption-text\">Uma alternativa para m\u00e3es que n\u00e3o conseguem produzir leite s\u00e3o os Bancos de Leite Humano, que s\u00e3o mantidos pelo Minist\u00e9rio da Sa\u00fade em parceria com a Funda\u00e7\u00e3o Oswaldo Cruz. Na Para\u00edba, o centro de refer\u00eancia \u00e9 o\u00a0<strong>Banco de Leite Humano Anita Cabral<\/strong>. O posto foi fundado em 1987 e est\u00e1 localizado na Maternidade Frei Dami\u00e3o, em Cruz das Armas, Jo\u00e3o Pessoa. Outros onze postos de coleta s\u00e3o vinculados ao banco Anita Cabral. Veja a lista:<\/p>\n<\/div>\n<ul>\n<li>PCLH Irm\u00e3 Cacilda \u2013 Hospital Maternidade Gov. Fl\u00e1vio Ribeiro Coutinho;<\/li>\n<li>PCLH \u2013 Hospital Universit\u00e1rio Lauro Wanderley;<\/li>\n<li>Posto de Coleta de Leite Humano do Hospital Regional de Itabaiana;<\/li>\n<li>Posto de Coleta do Hospital CLIM;<\/li>\n<li>Posto de Coleta de Leite Humano Hospital da Unimed;<\/li>\n<li>PCLH Maternidade Frei Dami\u00e3o;<\/li>\n<li>PCLH \u2013 Instituto Hospitalar General Edson Ramalho;<\/li>\n<li>PCLH \u2013 Texpar T\u00eaxtil da Para\u00edba S\/A \u2013 DEMILLUS;<\/li>\n<li>Posto de Coleta Sinha Carneiro, na cidade de Santa Luzia;<\/li>\n<li>PCLH \u2013 Hospital de Guarni\u00e7\u00e3o de Jo\u00e3o Pessoa;<\/li>\n<li>Posto de Coleta de Leite Humano no Hospital Regional de Guarabira.<\/li>\n<\/ul>\n<p>Para al\u00e9m do banco Anita Cabral, existem outros cinco bancos espalhados pelo Estado. Ainda em Jo\u00e3o Pessoa, o\u00a0<strong>Banco de Leite Humano Dr\u00aa Zilda Arns<\/strong>\u00a0est\u00e1 localizado\u00a0 na Maternidade C\u00e2ndida Vargas e conta com um posto de coleta no pr\u00f3prio instituto.<\/p>\n<p>O\u00a0<strong>Banco de Leite Humano Josefa Garcia Rolim<\/strong>, por sua vez, funciona no Hospital Regional de Cajazeiras e conta com dois postos de coleta:<\/p>\n<ul>\n<li>PCLH \u2013 Noemi de Holanda Mariz, em Sousa;<\/li>\n<li>Posto de Coleta de Leite Humano Felipe Jesus Saraiva de Sousa, em Bonito de Santa F\u00e9.<\/li>\n<\/ul>\n<p>O\u00a0<strong>Banco de Leite Humano Dra. Vilani Kehrle<\/strong>\u00a0est\u00e1 instalado na Maternidade Dr. Peregrino Filho, em Patos, e conta com quatro postos de coleta.<\/p>\n<ul>\n<li>Posto de Coleta da Maternidade Peregrino Filho;<\/li>\n<li>Posto de Coleta Berenice Alencar de Sousa, em Pombal;<\/li>\n<li>Posto de Coleta Sinh\u00e1 Carneiro, em Santa Luzia;<\/li>\n<li>Posto de Coleta Lautita Vilar\/HGT, em Tapero\u00e1.<\/li>\n<\/ul>\n<p>Em Campina Grande, a popula\u00e7\u00e3o tem \u00e0 disposi\u00e7\u00e3o o\u00a0<strong>Banco de Leite Humano Dr. Virg\u00edlio Brasileiro<\/strong>, localizado no Instituto de Sa\u00fade Elp\u00eddio de Almeida (Isea). S\u00e3o dois os postos de coleta:<\/p>\n<ul>\n<li>Posto de Coleta Hospital Clipsi-Geminiano Crispim de Farias;<\/li>\n<li>PCLH \u2013 ISEA.<\/li>\n<\/ul>\n<p>Por fim, o munic\u00edpio de Guarabira disp\u00f5e do\u00a0<strong>Banco de Leite Humano Merijane Claudino da Silva<\/strong>, instalado no Complexo de Sa\u00fade do munic\u00edpio. Veja onde \u00e9 poss\u00edvel doar para o banco:<\/p>\n<ul>\n<li>PCLH do Hospital Distrital Dr. Francisco Assis de Freitas;<\/li>\n<li>Posto de Coleta do Hospital Regional de Guarabira.<\/li>\n<\/ul>\n<p><strong>Como coletar<\/strong><\/p>\n<p>Segundo as recomenda\u00e7\u00f5es do Minist\u00e9rio da Sa\u00fade, a m\u00e3e que deseja doar o leite deve faz\u00ea-lo utilizando um frasco de vidro com tampa de pl\u00e1stico (como de maioneses ou caf\u00e9 sol\u00favel, mas sem os r\u00f3tulos) fervido em \u00e1gua por pelo menos 15 minutos. Deve-se evitar o contato com o interior do frasco.<\/p>\n<p>Durante a coleta, a mulher deve cobrir os cabelos, o nariz e a boca; higienizar m\u00e3os e bra\u00e7os e lavar as mamas apenas com \u00e1gua. A doadora deve anotar na tampa a data e a hora em que realizou a coleta e levar o leite ao refrigerador ou congelador imediatamente. O leite pode ficar armazenado por um m\u00e1ximo de dez dias antes de ser transportado ao Banco de Leite. Mais informa\u00e7\u00f5es podem ser obtidas no\u00a0<a href=\"http:\/\/portalarquivos.saude.gov.br\/campanhas\/doacaodeleite\/#\"><strong>portal do Minist\u00e9rio da Sa\u00fade<\/strong><\/a>\u00a0dedicado ao assunto.<\/p>\n<p><strong>CARIRI EM A\u00c7\u00c3O<\/strong><\/p>\n<p>Com Jornal da Para\u00edba\/Foto: Reprodu\u00e7\u00e3o Internet<\/p>\n<p>Leia mais not\u00edcias em\u00a0<a href=\"http:\/\/www.caririemacao.com\/\">caririemacao.com<\/a>, siga nossa p\u00e1gina no\u00a0<a href=\"https:\/\/www.facebook.com\/CaririEmAcao\/?ref=aymt_homepage_panel\">Facebook<\/a>,\u00a0<a href=\"https:\/\/www.instagram.com\/cariri_em_acao\/?hl=pt-br\">Instagram<\/a>\u00a0e <a href=\"https:\/\/www.youtube.com\/channel\/UCAptA0jQuYQy8vMhLt2m4qg\">Youtube<\/a>\u00a0e veja nossas mat\u00e9rias, v\u00eddeos e fotos. Voc\u00ea tamb\u00e9m pode enviar informa\u00e7\u00f5es \u00e0 Reda\u00e7\u00e3o do Portal Cariri em A\u00e7\u00e3o pelo WhatsApp (83) 9 9634.5791, (83) 9 9601-1162.<\/p>\n","protected":false},"excerpt":{"rendered":"<p>\u00c9 celebrado nesta quarta-feira (1\u00ba) o Dia Mundial da Amamenta\u00e7\u00e3o, que procura conscientizar a popula\u00e7\u00e3o sobre a import\u00e2ncia do leite materno para as crian\u00e7as de&hellip; <\/p>\n","protected":false},"author":1,"featured_media":19664,"comment_status":"closed","ping_status":"closed","sticky":false,"template":"","format":"standard","meta":{"sfsi_plus_gutenberg_text_before_share":"","sfsi_plus_gutenberg_show_text_before_share":"","sfsi_plus_gutenberg_icon_type":"","sfsi_plus_gutenberg_icon_alignemt":"","sfsi_plus_gutenburg_max_per_row":"","footnotes":""},"categories":[16],"tags":[],"class_list":["post-59282","post","type-post","status-publish","format-standard","has-post-thumbnail","hentry","category-saude"],"_links":{"self":[{"href":"https:\/\/www.caririemacao.com\/1\/wp-json\/wp\/v2\/posts\/59282","targetHints":{"allow":["GET"]}}],"collection":[{"href":"https:\/\/www.caririemacao.com\/1\/wp-json\/wp\/v2\/posts"}],"about":[{"href":"https:\/\/www.caririemacao.com\/1\/wp-json\/wp\/v2\/types\/post"}],"author":[{"embeddable":true,"href":"https:\/\/www.caririemacao.com\/1\/wp-json\/wp\/v2\/users\/1"}],"replies":[{"embeddable":true,"href":"https:\/\/www.caririemacao.com\/1\/wp-json\/wp\/v2\/comments?post=59282"}],"version-history":[{"count":1,"href":"https:\/\/www.caririemacao.com\/1\/wp-json\/wp\/v2\/posts\/59282\/revisions"}],"predecessor-version":[{"id":59283,"href":"https:\/\/www.caririemacao.com\/1\/wp-json\/wp\/v2\/posts\/59282\/revisions\/59283"}],"wp:featuredmedia":[{"embeddable":true,"href":"https:\/\/www.caririemacao.com\/1\/wp-json\/wp\/v2\/media\/19664"}],"wp:attachment":[{"href":"https:\/\/www.caririemacao.com\/1\/wp-json\/wp\/v2\/media?parent=59282"}],"wp:term":[{"taxonomy":"category","embeddable":true,"href":"https:\/\/www.caririemacao.com\/1\/wp-json\/wp\/v2\/categories?post=59282"},{"taxonomy":"post_tag","embeddable":true,"href":"https:\/\/www.caririemacao.com\/1\/wp-json\/wp\/v2\/tags?post=59282"}],"curies":[{"name":"wp","href":"https:\/\/api.w.org\/{rel}","templated":true}]}}