{"id":59284,"date":"2018-08-01T07:29:45","date_gmt":"2018-08-01T10:29:45","guid":{"rendered":"http:\/\/caririemacao.com\/1\/?p=59284"},"modified":"2018-08-01T07:29:45","modified_gmt":"2018-08-01T10:29:45","slug":"detran-pb-so-podera-anular-as-multas-que-estejam-no-ambito-de-sua-competencia","status":"publish","type":"post","link":"https:\/\/www.caririemacao.com\/1\/2018\/08\/01\/detran-pb-so-podera-anular-as-multas-que-estejam-no-ambito-de-sua-competencia\/","title":{"rendered":"Detran-PB s\u00f3 poder\u00e1 anular as multas que estejam no \u00e2mbito de sua compet\u00eancia"},"content":{"rendered":"<p>A Primeira C\u00e2mara C\u00edvel do Tribunal de Justi\u00e7a da Para\u00edba entendeu que o Detran-PB n\u00e3o poder\u00e1 cassar penalidades impostas por outro \u00f3rg\u00e3o autuador, conforme veda\u00e7\u00e3o constante no C\u00f3digo de Tr\u00e2nsito Brasileiro. A decis\u00e3o deu provimento parcial \u00e0 Apela\u00e7\u00e3o C\u00edvel n\u00ba 0026618-43.2009.815.0011, e teve a relatoria do juiz convocado Onaldo Rocha de Queiroga. O julgamento ocorreu por unanimidade, durante a sess\u00e3o desta ter\u00e7a-feira (31).<\/p>\n<p>De acordo com o relat\u00f3rio, o Ju\u00edzo da 3\u00aa Vara da Fazenda P\u00fablica da Comarca de Campina Grande, ao proferir senten\u00e7a nos autos da A\u00e7\u00e3o de Execu\u00e7\u00e3o de Fazer combinada com Indeniza\u00e7\u00e3o por Danos Morais e Materiais ajuizada contra o Detran, julgou procedente, em parte, o pedido da autora para declarar nulas as multas e demais penalidades em nome da promovente, bem como determinar o bloqueio do autom\u00f3vel com o objetivo de impedir o licenciamento sem a pr\u00e9via transfer\u00eancia de propriedade ao novo titular, al\u00e9m de honor\u00e1rios advocat\u00edcios.<\/p>\n<p>Inconformado com a decis\u00e3o, o Detran recorreu e alegou, nas raz\u00f5es recurso, que n\u00e3o possui atribui\u00e7\u00e3o para anular multas de outros \u00f3rg\u00e3os de tr\u00e2nsito. Ao final, pleiteou que fosse retirada a condena\u00e7\u00e3o em honor\u00e1rios advocat\u00edcios, sob o argumento de que n\u00e3o deu causa a a\u00e7\u00e3o.<\/p>\n<h4>Sem obriga\u00e7\u00e3o<\/h4>\n<p>No voto, o relator explicou que de acordo com os artigos 21, VI, VIII, 24, VI, VIII e 281, todos dos C\u00f3digo de Tr\u00e2nsito Brasileiro, caber\u00e1 \u00e0 autoridade de tr\u00e2nsito, na esfera de sua compet\u00eancia e dentre de sua circunscri\u00e7\u00e3o, julgar e aplicar a penalidade cab\u00edvel. \u201cDessa forma, considerando, pelos documentos anexos aos autos, que algumas das autua\u00e7\u00f5es questionadas foram lavradas pelo DNIT e pela Pol\u00edcia Rodovi\u00e1ria Federal, descabe impor tal obriga\u00e7\u00e3o ao Detran-PB\u201d, ressaltou.<\/p>\n<p>Quanto \u00e0 fixa\u00e7\u00e3o dos honor\u00e1rios, o relator disse que como o Detran deu causa a a\u00e7\u00e3o deve suportar o pagamento dos honor\u00e1rios pelo princ\u00edpio da causalidade, pois n\u00e3o atendeu o pleito administrativo da parte autora para realizar o bloqueio do autom\u00f3vel, tendo a mesma que judicializar a quest\u00e3o.<\/p>\n<p><strong>CARIRI EM A\u00c7\u00c3O<\/strong><\/p>\n<p>Com Jornal da Para\u00edba\/Foto: Reprodu\u00e7\u00e3o Internet<\/p>\n<p>Leia mais not\u00edcias em\u00a0<a href=\"http:\/\/www.caririemacao.com\/\">caririemacao.com<\/a>, siga nossa p\u00e1gina no\u00a0<a href=\"https:\/\/www.facebook.com\/CaririEmAcao\/?ref=aymt_homepage_panel\">Facebook<\/a>,\u00a0<a href=\"https:\/\/www.instagram.com\/cariri_em_acao\/?hl=pt-br\">Instagram<\/a>\u00a0e <a href=\"https:\/\/www.youtube.com\/channel\/UCAptA0jQuYQy8vMhLt2m4qg\">Youtube<\/a>\u00a0e veja nossas mat\u00e9rias, v\u00eddeos e fotos. Voc\u00ea tamb\u00e9m pode enviar informa\u00e7\u00f5es \u00e0 Reda\u00e7\u00e3o do Portal Cariri em A\u00e7\u00e3o pelo WhatsApp (83) 9 9634.5791, (83) 9 9601-1162.<\/p>\n","protected":false},"excerpt":{"rendered":"<p>A Primeira C\u00e2mara C\u00edvel do Tribunal de Justi\u00e7a da Para\u00edba entendeu que o Detran-PB n\u00e3o poder\u00e1 cassar penalidades impostas por outro \u00f3rg\u00e3o autuador, conforme veda\u00e7\u00e3o&hellip; <\/p>\n","protected":false},"author":1,"featured_media":5985,"comment_status":"closed","ping_status":"closed","sticky":false,"template":"","format":"standard","meta":{"sfsi_plus_gutenberg_text_before_share":"","sfsi_plus_gutenberg_show_text_before_share":"","sfsi_plus_gutenberg_icon_type":"","sfsi_plus_gutenberg_icon_alignemt":"","sfsi_plus_gutenburg_max_per_row":"","footnotes":""},"categories":[2],"tags":[],"class_list":["post-59284","post","type-post","status-publish","format-standard","has-post-thumbnail","hentry","category-geral"],"_links":{"self":[{"href":"https:\/\/www.caririemacao.com\/1\/wp-json\/wp\/v2\/posts\/59284","targetHints":{"allow":["GET"]}}],"collection":[{"href":"https:\/\/www.caririemacao.com\/1\/wp-json\/wp\/v2\/posts"}],"about":[{"href":"https:\/\/www.caririemacao.com\/1\/wp-json\/wp\/v2\/types\/post"}],"author":[{"embeddable":true,"href":"https:\/\/www.caririemacao.com\/1\/wp-json\/wp\/v2\/users\/1"}],"replies":[{"embeddable":true,"href":"https:\/\/www.caririemacao.com\/1\/wp-json\/wp\/v2\/comments?post=59284"}],"version-history":[{"count":1,"href":"https:\/\/www.caririemacao.com\/1\/wp-json\/wp\/v2\/posts\/59284\/revisions"}],"predecessor-version":[{"id":59285,"href":"https:\/\/www.caririemacao.com\/1\/wp-json\/wp\/v2\/posts\/59284\/revisions\/59285"}],"wp:featuredmedia":[{"embeddable":true,"href":"https:\/\/www.caririemacao.com\/1\/wp-json\/wp\/v2\/media\/5985"}],"wp:attachment":[{"href":"https:\/\/www.caririemacao.com\/1\/wp-json\/wp\/v2\/media?parent=59284"}],"wp:term":[{"taxonomy":"category","embeddable":true,"href":"https:\/\/www.caririemacao.com\/1\/wp-json\/wp\/v2\/categories?post=59284"},{"taxonomy":"post_tag","embeddable":true,"href":"https:\/\/www.caririemacao.com\/1\/wp-json\/wp\/v2\/tags?post=59284"}],"curies":[{"name":"wp","href":"https:\/\/api.w.org\/{rel}","templated":true}]}}