{"id":59286,"date":"2018-08-01T07:34:07","date_gmt":"2018-08-01T10:34:07","guid":{"rendered":"http:\/\/caririemacao.com\/1\/?p=59286"},"modified":"2018-08-01T07:34:07","modified_gmt":"2018-08-01T10:34:07","slug":"comeca-o-licenciamento-de-carros-de-som-para-periodo-eleitoral","status":"publish","type":"post","link":"https:\/\/www.caririemacao.com\/1\/2018\/08\/01\/comeca-o-licenciamento-de-carros-de-som-para-periodo-eleitoral\/","title":{"rendered":"Come\u00e7a o licenciamento de carros de som para per\u00edodo eleitoral"},"content":{"rendered":"<p>No dia 16 de agosto, a propaganda eleitoral vai estar liberada e os propriet\u00e1rios de ve\u00edculos como carro de som, trios el\u00e9tricos, motocicletas, entre outros, que atuar\u00e3o com propaganda eleitoral, dever\u00e3o procurar a Superintend\u00eancia de Administra\u00e7\u00e3o do Meio Ambiente (Sudema) para retirar uma Autoriza\u00e7\u00e3o Ambiental. O ve\u00edculo deve estar devidamente autorizado pelo Departamento de Tr\u00e2nsito do Estado da Para\u00edba (Detran-PB) a circular com o referido equipamento de som.<\/p>\n<p>O chefe da Divis\u00e3o de Fiscaliza\u00e7\u00e3o da Sudema (Difi), capit\u00e3o Cunha, explica que a Autoriza\u00e7\u00e3o Ambiental \u00e9 indispens\u00e1vel e quem for pego sem a documenta\u00e7\u00e3o ser\u00e1 autuado. \u201cA documenta\u00e7\u00e3o \u00e9 obrigat\u00f3ria e v\u00e1lida somente no per\u00edodo das elei\u00e7\u00f5es. Em caso de aus\u00eancia, o condutor respons\u00e1vel responder\u00e1 junto \u00e0 autarquia por crime ambiental e no Tribunal Regional Eleitoral da Para\u00edba (TRE-PB) por propaganda irregular. O setor estar\u00e1 de plant\u00e3o nas 24 horas do dia para den\u00fancia\u201d, alertou.<\/p>\n<p>Comprovando a suspeita de irregularidades, o cidad\u00e3o pode solicitar a atua\u00e7\u00e3o da Difi por meio do telefone (83) 3218-5591 ou pelo (83) 988442191, que \u00e9 o n\u00famero dos fiscais de plant\u00e3o da Sudema. Tamb\u00e9m o cidad\u00e3o pode ir pessoalmente, na sede da Sudema, que fica na Avenida Monsenhor Walfredo Leal, 181, Tambi\u00e1, na Capital. Em Campina Grande, Avenida Rio Branco, 89, Centro, telefones (83) 33106777 ou 33106778. Na cidade de Patos, Rua Lima Campos, 740, Bairro S\u00e3o Sebasti\u00e3o, (83) 34212610.<\/p>\n<h4>Documenta\u00e7\u00e3o<\/h4>\n<p>Para dar entrada na solicita\u00e7\u00e3o da Autoriza\u00e7\u00e3o Ambiental, os propriet\u00e1rios de carros de som dever\u00e3o se dirigir \u00e0 Divis\u00e3o de atendimento da Sudema e apresentar os seguintes documentos:<\/p>\n<ul>\n<li>Requerimento;<\/li>\n<li>Cadastro;<\/li>\n<li>Guia de Recolhimento;<\/li>\n<li>Documento do ve\u00edculo \u2013 DUT \u2013 contendo a devida especifica\u00e7\u00e3o do Detran (Trio El\u00e9trico, recreativo, reboque, semi-reboque e os casos elencados na Resolu\u00e7\u00e3o Contran n\u00b0 349);<\/li>\n<li>Anota\u00e7\u00e3o de Responsabilidade T\u00e9cnica (ART) do respons\u00e1vel el\u00e9trico e mec\u00e2nico, nos casos de ve\u00edculos com tr\u00eas eixos;<\/li>\n<li>Memorial Descritivo \u2013 A descri\u00e7\u00e3o dever\u00e1 conter:<\/li>\n<li>Funcionamentos gerais do ve\u00edculo, incluindo o tipo e a pot\u00eancia (em watts) do equipamento;<\/li>\n<li>Poss\u00edveis Percursos;<\/li>\n<li>Cronograma do per\u00edodo de funcionamento (durante apenas o per\u00edodo eleitoral);<\/li>\n<li>Autoriza\u00e7\u00e3o do propriet\u00e1rio do ve\u00edculo para utiliza\u00e7\u00e3o como ve\u00edculo de propaganda;<\/li>\n<li>Comprova\u00e7\u00e3o do v\u00ednculo entre o solicitante e o propriet\u00e1rio, quando o ve\u00edculo estiver em posse de terceiros (casos de alugados ou com contrato de compra e venda)<\/li>\n<\/ul>\n<p><strong>CARIRI EM A\u00c7\u00c3O<\/strong><\/p>\n<p>Com Jornal da Para\u00edba\/Foto: Reprodu\u00e7\u00e3o Internet<\/p>\n<p>Leia mais not\u00edcias em\u00a0<a href=\"http:\/\/www.caririemacao.com\/\">caririemacao.com<\/a>, siga nossa p\u00e1gina no\u00a0<a href=\"https:\/\/www.facebook.com\/CaririEmAcao\/?ref=aymt_homepage_panel\">Facebook<\/a>,\u00a0<a href=\"https:\/\/www.instagram.com\/cariri_em_acao\/?hl=pt-br\">Instagram<\/a>\u00a0e <a href=\"https:\/\/www.youtube.com\/channel\/UCAptA0jQuYQy8vMhLt2m4qg\">Youtube<\/a>\u00a0e veja nossas mat\u00e9rias, v\u00eddeos e fotos. Voc\u00ea tamb\u00e9m pode enviar informa\u00e7\u00f5es \u00e0 Reda\u00e7\u00e3o do Portal Cariri em A\u00e7\u00e3o pelo WhatsApp (83) 9 9634.5791, (83) 9 9601-1162.<\/p>\n","protected":false},"excerpt":{"rendered":"<p>No dia 16 de agosto, a propaganda eleitoral vai estar liberada e os propriet\u00e1rios de ve\u00edculos como carro de som, trios el\u00e9tricos, motocicletas, entre outros,&hellip; <\/p>\n","protected":false},"author":1,"featured_media":59287,"comment_status":"closed","ping_status":"closed","sticky":false,"template":"","format":"standard","meta":{"sfsi_plus_gutenberg_text_before_share":"","sfsi_plus_gutenberg_show_text_before_share":"","sfsi_plus_gutenberg_icon_type":"","sfsi_plus_gutenberg_icon_alignemt":"","sfsi_plus_gutenburg_max_per_row":"","footnotes":""},"categories":[2],"tags":[],"class_list":["post-59286","post","type-post","status-publish","format-standard","has-post-thumbnail","hentry","category-geral"],"_links":{"self":[{"href":"https:\/\/www.caririemacao.com\/1\/wp-json\/wp\/v2\/posts\/59286","targetHints":{"allow":["GET"]}}],"collection":[{"href":"https:\/\/www.caririemacao.com\/1\/wp-json\/wp\/v2\/posts"}],"about":[{"href":"https:\/\/www.caririemacao.com\/1\/wp-json\/wp\/v2\/types\/post"}],"author":[{"embeddable":true,"href":"https:\/\/www.caririemacao.com\/1\/wp-json\/wp\/v2\/users\/1"}],"replies":[{"embeddable":true,"href":"https:\/\/www.caririemacao.com\/1\/wp-json\/wp\/v2\/comments?post=59286"}],"version-history":[{"count":1,"href":"https:\/\/www.caririemacao.com\/1\/wp-json\/wp\/v2\/posts\/59286\/revisions"}],"predecessor-version":[{"id":59288,"href":"https:\/\/www.caririemacao.com\/1\/wp-json\/wp\/v2\/posts\/59286\/revisions\/59288"}],"wp:featuredmedia":[{"embeddable":true,"href":"https:\/\/www.caririemacao.com\/1\/wp-json\/wp\/v2\/media\/59287"}],"wp:attachment":[{"href":"https:\/\/www.caririemacao.com\/1\/wp-json\/wp\/v2\/media?parent=59286"}],"wp:term":[{"taxonomy":"category","embeddable":true,"href":"https:\/\/www.caririemacao.com\/1\/wp-json\/wp\/v2\/categories?post=59286"},{"taxonomy":"post_tag","embeddable":true,"href":"https:\/\/www.caririemacao.com\/1\/wp-json\/wp\/v2\/tags?post=59286"}],"curies":[{"name":"wp","href":"https:\/\/api.w.org\/{rel}","templated":true}]}}