{"id":59289,"date":"2018-08-01T07:39:15","date_gmt":"2018-08-01T10:39:15","guid":{"rendered":"http:\/\/caririemacao.com\/1\/?p=59289"},"modified":"2018-08-01T07:39:15","modified_gmt":"2018-08-01T10:39:15","slug":"manoel-junior-diz-que-se-pv-estiver-com-chapa-fechada-chance-de-alianca-com-o-psc-e-zero","status":"publish","type":"post","link":"https:\/\/www.caririemacao.com\/1\/2018\/08\/01\/manoel-junior-diz-que-se-pv-estiver-com-chapa-fechada-chance-de-alianca-com-o-psc-e-zero\/","title":{"rendered":"Manoel Junior diz que, se PV estiver com chapa fechada, chance de alian\u00e7a com o PSC \u00e9 \u201czero\u201d"},"content":{"rendered":"<p>O vice-prefeito de Jo\u00e3o Pessoa e pr\u00e9-candidato ao Senado, Manoel Junior (PSC), afirmou que, em caso de a chapa a ser encabe\u00e7ada por Luc\u00e9lio Cartaxo (PV) estiver completa, a chance de alian\u00e7a entre PSC e PV \u00e9 nula.<\/p>\n<p>\u201cSe o PV estiver com sua chapa fechada como j\u00e1 esteve num passado pr\u00f3ximo, a probabilidade do PSC apoiar essa chapa \u00e9 zero. Temos uma pr\u00e9-condi\u00e7\u00e3o solicitada desde o in\u00edcio e ontem ratificada pelo presidente nacional do partido, o pastor Everaldo, que o PSC se coliga com aquele que tiver a vaga do Senado para Manoel J\u00fanior\u201d, lembrou.<\/p>\n<p>O vice-prefeito ainda informou que o presidente estadual do PSC, o deputado federal Marcondes Gadelha j\u00e1 lhe assegurou diversas vezes que sua candidatura ao Senado \u00e9 inegoci\u00e1vel.<\/p>\n<p>\u201cO PSC j\u00e1 colocou publicamente aquilo que deseja, ter uma chapa proporcional confort\u00e1vel e garantir a candidatura ao Senado. Para essa miss\u00e3o que Marcondes foi escalado\u201d, declarou.<\/p>\n<p>As falas do vice-prefeito aconteceram no programa Sem Censura, da R\u00e1dio POP FM, ocasi\u00e3o em que o mesmo foi sabatinado pelos jornalistas Ant\u00f4nio Malvino, Lenilson Guedes, Marcelo Pianc\u00f3, Julliana Veloso e Ytalo Kubitschek.<\/p>\n<p><strong>CARIRI EM A\u00c7\u00c3O<\/strong><\/p>\n<p>Com Para\u00edba J\u00e1\/Foto: Reprodu\u00e7\u00e3o Internet<\/p>\n<p>Leia mais not\u00edcias em\u00a0<a href=\"http:\/\/www.caririemacao.com\/\">caririemacao.com<\/a>, siga nossa p\u00e1gina no\u00a0<a href=\"https:\/\/www.facebook.com\/CaririEmAcao\/?ref=aymt_homepage_panel\">Facebook<\/a>,\u00a0<a href=\"https:\/\/www.instagram.com\/cariri_em_acao\/?hl=pt-br\">Instagram<\/a>\u00a0e <a href=\"https:\/\/www.youtube.com\/channel\/UCAptA0jQuYQy8vMhLt2m4qg\">Youtube<\/a>\u00a0e veja nossas mat\u00e9rias, v\u00eddeos e fotos. Voc\u00ea tamb\u00e9m pode enviar informa\u00e7\u00f5es \u00e0 Reda\u00e7\u00e3o do Portal Cariri em A\u00e7\u00e3o pelo WhatsApp (83) 9 9634.5791, (83) 9 9601-1162.<\/p>\n","protected":false},"excerpt":{"rendered":"<p>O vice-prefeito de Jo\u00e3o Pessoa e pr\u00e9-candidato ao Senado, Manoel Junior (PSC), afirmou que, em caso de a chapa a ser encabe\u00e7ada por Luc\u00e9lio Cartaxo&hellip; <\/p>\n","protected":false},"author":1,"featured_media":59140,"comment_status":"closed","ping_status":"closed","sticky":false,"template":"","format":"standard","meta":{"sfsi_plus_gutenberg_text_before_share":"","sfsi_plus_gutenberg_show_text_before_share":"","sfsi_plus_gutenberg_icon_type":"","sfsi_plus_gutenberg_icon_alignemt":"","sfsi_plus_gutenburg_max_per_row":"","footnotes":""},"categories":[11],"tags":[],"class_list":["post-59289","post","type-post","status-publish","format-standard","has-post-thumbnail","hentry","category-politica"],"_links":{"self":[{"href":"https:\/\/www.caririemacao.com\/1\/wp-json\/wp\/v2\/posts\/59289","targetHints":{"allow":["GET"]}}],"collection":[{"href":"https:\/\/www.caririemacao.com\/1\/wp-json\/wp\/v2\/posts"}],"about":[{"href":"https:\/\/www.caririemacao.com\/1\/wp-json\/wp\/v2\/types\/post"}],"author":[{"embeddable":true,"href":"https:\/\/www.caririemacao.com\/1\/wp-json\/wp\/v2\/users\/1"}],"replies":[{"embeddable":true,"href":"https:\/\/www.caririemacao.com\/1\/wp-json\/wp\/v2\/comments?post=59289"}],"version-history":[{"count":1,"href":"https:\/\/www.caririemacao.com\/1\/wp-json\/wp\/v2\/posts\/59289\/revisions"}],"predecessor-version":[{"id":59290,"href":"https:\/\/www.caririemacao.com\/1\/wp-json\/wp\/v2\/posts\/59289\/revisions\/59290"}],"wp:featuredmedia":[{"embeddable":true,"href":"https:\/\/www.caririemacao.com\/1\/wp-json\/wp\/v2\/media\/59140"}],"wp:attachment":[{"href":"https:\/\/www.caririemacao.com\/1\/wp-json\/wp\/v2\/media?parent=59289"}],"wp:term":[{"taxonomy":"category","embeddable":true,"href":"https:\/\/www.caririemacao.com\/1\/wp-json\/wp\/v2\/categories?post=59289"},{"taxonomy":"post_tag","embeddable":true,"href":"https:\/\/www.caririemacao.com\/1\/wp-json\/wp\/v2\/tags?post=59289"}],"curies":[{"name":"wp","href":"https:\/\/api.w.org\/{rel}","templated":true}]}}