{"id":59296,"date":"2018-08-01T08:03:22","date_gmt":"2018-08-01T11:03:22","guid":{"rendered":"http:\/\/caririemacao.com\/1\/?p=59296"},"modified":"2018-08-01T08:03:22","modified_gmt":"2018-08-01T11:03:22","slug":"psdb-vai-privilegiar-executivos-e-senado-nas-eleicoes-2018","status":"publish","type":"post","link":"https:\/\/www.caririemacao.com\/1\/2018\/08\/01\/psdb-vai-privilegiar-executivos-e-senado-nas-eleicoes-2018\/","title":{"rendered":"PSDB vai privilegiar Executivos e Senado nas elei\u00e7\u00f5es 2018"},"content":{"rendered":"<p>Em uma estrat\u00e9gia para tentar ampliar as bancadas no Congresso, o\u00a0PSDB\u00a0decidiu lan\u00e7ar 16 candidatos ao Senado e outros 15 a governador, apesar dos poucos recursos que ser\u00e3o destinados \u00e0s campanhas nas\u00a0elei\u00e7\u00f5es 2018. Na primeira elei\u00e7\u00e3o nacional sem doa\u00e7\u00e3o de empresas e com recursos predominantemente p\u00fablicos, os 31 postulantes a cargos majorit\u00e1rios \u2013 exclu\u00eddo o presidenci\u00e1vel da legenda \u2013 ter\u00e3o de dividir R$ 43 milh\u00f5es, valor informado pelo PSDB ao\u00a0Tribunal Superior Eleitoral (TSE).<\/p>\n<p>Segundo o deputado Silvio Torres (SP), tesoureiro nacional do PSDB, o partido deve ter outras fontes de arrecada\u00e7\u00e3o, como doa\u00e7\u00f5es de pessoas f\u00edsicas e recursos do\u00a0Fundo Partid\u00e1rio, mas a inje\u00e7\u00e3o de mais dinheiro nas campanhas vai depender do desempenho dos postulantes. \u201cVamos avaliar novos aportes de doa\u00e7\u00f5es pelo desempenho de cada candidato\u201d, disse. A meta da legenda \u00e9 eleger 60 deputados federais e pelo menos dez governadores. Em 2014, foram 54 federais e cinco governadores tucanos eleitos.<\/p>\n<p>A avalia\u00e7\u00e3o da legenda \u00e9 de que, mesmo com poucos recursos, as candidaturas majorit\u00e1rias \u201cpuxam\u201d as bancadas estaduais e garantem tempo na TV. A regra estabelecida pelo PSDB para tentar evitar uma \u201cguerra\u201d por recursos limita o repasse nos Estados a 30% do teto de gastos de campanha definido pela Justi\u00e7a Eleitoral. Em S\u00e3o Paulo, por exemplo, os dois candidatos a senador \u2013 os deputados federais Mara Gabrilli e Ricardo Tripoli \u2013 ter\u00e3o de dividir R$ 5 milh\u00f5es em suas campanhas. Na elei\u00e7\u00e3o de 2014, por exemplo, s\u00f3 a campanha do senador tucano Jos\u00e9 Serra custou R$ 10,7 milh\u00f5es.<\/p>\n<p>Prioridade.\u00a0No entanto, o discurso de que as candidaturas majorit\u00e1rias ajudam a eleger deputados federais e estaduais n\u00e3o acalmou os \u00e2nimos dos candidatos a uma cadeira na C\u00e2mara Federal ou na Assembleia Legislativa. Com os poucos recursos que restaram no Fundo Eleitoral, a prioridade na distribui\u00e7\u00e3o do dinheiro ser\u00e1 para reeleger os 49 deputados federais \u2013 cada um ter\u00e1 R$ 1,2 milh\u00e3o.<\/p>\n<p>Pelo menos em S\u00e3o Paulo, os candidatos a deputado federal que n\u00e3o t\u00eam mandato e todos os 55 postulantes a deputado estadual, com mandato ou n\u00e3o, devem ficar sem nenhum centavo. \u201cO potencial dos candidatos ao governo e ao Senado deve ser levado em considera\u00e7\u00e3o. Ter mandato \u00e9 um elemento importante, mas n\u00e3o pode ser o \u00fanico crit\u00e9rio. N\u00e3o acreditamos que o PSDB possa nos deixar sem qualquer tipo de recursos na elei\u00e7\u00e3o. Ainda vamos insistir para que a divis\u00e3o seja mais justa\u201d, disse o deputado estadual Marco Vinholi.<\/p>\n<p>Nesta quarta-feira, 1.\u00ba, o ex-governador\u00a0Geraldo Alckmin\u00a0se re\u00fane em Bras\u00edlia com l\u00edderes do Centr\u00e3o para discutir o nome de seu vice. Nesta ter\u00e7a-feira, 31, o tucano voltou a dizer que seu companheiro de chapa n\u00e3o deve ser do PSDB.<\/p>\n<p><strong>CARIRI EM A\u00c7\u00c3O<\/strong><\/p>\n<p>Com Estad\u00e3o\/Foto: Reprodu\u00e7\u00e3o Internet<\/p>\n<p>Leia mais not\u00edcias em\u00a0<a href=\"http:\/\/www.caririemacao.com\/\">caririemacao.com<\/a>, siga nossa p\u00e1gina no\u00a0<a href=\"https:\/\/www.facebook.com\/CaririEmAcao\/?ref=aymt_homepage_panel\">Facebook<\/a>,\u00a0<a href=\"https:\/\/www.instagram.com\/cariri_em_acao\/?hl=pt-br\">Instagram<\/a>\u00a0e <a href=\"https:\/\/www.youtube.com\/channel\/UCAptA0jQuYQy8vMhLt2m4qg\">Youtube<\/a>\u00a0e veja nossas mat\u00e9rias, v\u00eddeos e fotos. Voc\u00ea tamb\u00e9m pode enviar informa\u00e7\u00f5es \u00e0 Reda\u00e7\u00e3o do Portal Cariri em A\u00e7\u00e3o pelo WhatsApp (83) 9 9634.5791, (83) 9 9601-1162.<\/p>\n","protected":false},"excerpt":{"rendered":"<p>Em uma estrat\u00e9gia para tentar ampliar as bancadas no Congresso, o\u00a0PSDB\u00a0decidiu lan\u00e7ar 16 candidatos ao Senado e outros 15 a governador, apesar dos poucos recursos&hellip; <\/p>\n","protected":false},"author":1,"featured_media":26462,"comment_status":"closed","ping_status":"closed","sticky":false,"template":"","format":"standard","meta":{"sfsi_plus_gutenberg_text_before_share":"","sfsi_plus_gutenberg_show_text_before_share":"","sfsi_plus_gutenberg_icon_type":"","sfsi_plus_gutenberg_icon_alignemt":"","sfsi_plus_gutenburg_max_per_row":"","footnotes":""},"categories":[11],"tags":[],"class_list":["post-59296","post","type-post","status-publish","format-standard","has-post-thumbnail","hentry","category-politica"],"_links":{"self":[{"href":"https:\/\/www.caririemacao.com\/1\/wp-json\/wp\/v2\/posts\/59296","targetHints":{"allow":["GET"]}}],"collection":[{"href":"https:\/\/www.caririemacao.com\/1\/wp-json\/wp\/v2\/posts"}],"about":[{"href":"https:\/\/www.caririemacao.com\/1\/wp-json\/wp\/v2\/types\/post"}],"author":[{"embeddable":true,"href":"https:\/\/www.caririemacao.com\/1\/wp-json\/wp\/v2\/users\/1"}],"replies":[{"embeddable":true,"href":"https:\/\/www.caririemacao.com\/1\/wp-json\/wp\/v2\/comments?post=59296"}],"version-history":[{"count":1,"href":"https:\/\/www.caririemacao.com\/1\/wp-json\/wp\/v2\/posts\/59296\/revisions"}],"predecessor-version":[{"id":59297,"href":"https:\/\/www.caririemacao.com\/1\/wp-json\/wp\/v2\/posts\/59296\/revisions\/59297"}],"wp:featuredmedia":[{"embeddable":true,"href":"https:\/\/www.caririemacao.com\/1\/wp-json\/wp\/v2\/media\/26462"}],"wp:attachment":[{"href":"https:\/\/www.caririemacao.com\/1\/wp-json\/wp\/v2\/media?parent=59296"}],"wp:term":[{"taxonomy":"category","embeddable":true,"href":"https:\/\/www.caririemacao.com\/1\/wp-json\/wp\/v2\/categories?post=59296"},{"taxonomy":"post_tag","embeddable":true,"href":"https:\/\/www.caririemacao.com\/1\/wp-json\/wp\/v2\/tags?post=59296"}],"curies":[{"name":"wp","href":"https:\/\/api.w.org\/{rel}","templated":true}]}}